{"id":27884,"date":"2019-04-15T06:00:00","date_gmt":"2019-04-15T10:00:00","guid":{"rendered":"https:\/\/linitiative.ca\/International\/lalgerie-presente-a-la-foire-internationale-de-paris\/"},"modified":"2019-04-15T06:00:00","modified_gmt":"2019-04-15T10:00:00","slug":"lalgerie-presente-a-la-foire-internationale-de-paris","status":"publish","type":"post","link":"https:\/\/linitiative.ca\/International\/lalgerie-presente-a-la-foire-internationale-de-paris\/","title":{"rendered":"L\u2019Alg\u00e9rie pr\u00e9sente \u00e0 la Foire internationale de Paris"},"content":{"rendered":"<div id=\"originalText\" readability=\"46\">\n<p>Le minist\u00e8re du Commerce organise la participation de l\u2019Alg\u00e9rie \u00e0 la 115e \u00e9dition de la Foire internationale de Paris qui aura lieu du 27 avril au 8 mai 2019 au Parc des expositions de la Porte de Versailles \u00e0 Paris (France), inscrite dans le programme officiel des foires et salons \u00e0 l\u2019\u00e9tranger au titre de l\u2019ann\u00e9e 2019. L\u2019Alg\u00e9rie sera pr\u00e9sente au pavillon d\u00e9di\u00e9 aux \u201cRichesses du monde, terres des tropiques\u201d qui r\u00e9unit tourisme, artisanat traditionnel (tenues traditionnelles, poterie, bijoux, objets de d\u00e9coration), gastronomie (restauration et \u00e9picerie fine), produits agroalimentaires (dattes, confitures, couscous, etc.) et les produits de beaut\u00e9. Il convient de signaler que les frais de participation sont subventionn\u00e9s \u00e0 hauteur de 80% par le Fonds sp\u00e9cial de promotion des exportations (FSPE) en mati\u00e8re de location des stands et l\u2019acheminement des marchandises.<\/p>\n<\/div>\n<div id=\"text_core\" readability=\"46\">\n<p>Le minist\u00e8re du Commerce organise la participation de l\u2019Alg\u00e9rie \u00e0 la 115e \u00e9dition de la Foire internationale de Paris qui aura lieu du 27 avril au 8 mai 2019 au Parc des expositions de la Porte de Versailles \u00e0 Paris (France), inscrite dans le programme officiel des foires et salons \u00e0 l\u2019\u00e9tranger au titre de l\u2019ann\u00e9e 2019. L\u2019Alg\u00e9rie sera pr\u00e9sente au pavillon d\u00e9di\u00e9 aux \u201cRichesses du monde, terres des tropiques\u201d qui r\u00e9unit tourisme, artisanat traditionnel (tenues traditionnelles, poterie, bijoux, objets de d\u00e9coration), gastronomie (restauration et \u00e9picerie fine), produits agroalimentaires (dattes, confitures, couscous, etc.) et les produits de beaut\u00e9. Il convient de signaler que les frais de participation sont subventionn\u00e9s \u00e0 hauteur de 80% par le Fonds sp\u00e9cial de promotion des exportations (FSPE) en mati\u00e8re de location des stands et l\u2019acheminement des marchandises.<\/p>\n<\/div>\n<p>Auteur:<br \/>\n<a href=\"https:\/\/www.liberte-algerie.com\/radar\/lalgerie-presente-a-la-foire-internationale-de-paris-313858\">Cliquez ici pour lire l&rsquo;article depuis sa source.<\/a><\/p>\n","protected":false},"excerpt":{"rendered":"<p>Le minist\u00e8re du Commerce organise la participation de l\u2019Alg\u00e9rie \u00e0 la 115e \u00e9dition de la Foire internationale de Paris qui aura lieu du 27 avril au 8 mai 2019 au Parc des expositions de la Porte de Versailles \u00e0 Paris (France), inscrite dans le programme officiel des foires et salons \u00e0 l\u2019\u00e9tranger au titre de [&hellip;]<\/p>\n","protected":false},"author":1742,"featured_media":0,"comment_status":"closed","ping_status":"closed","sticky":false,"template":"","format":"standard","meta":{"fifu_image_url":"","fifu_image_alt":"","footnotes":""},"categories":[73,53],"tags":[],"class_list":["post-27884","post","type-post","status-publish","format-standard","hentry","category-actualite","category-algerie"],"_links":{"self":[{"href":"https:\/\/linitiative.ca\/International\/wp-json\/wp\/v2\/posts\/27884","targetHints":{"allow":["GET"]}}],"collection":[{"href":"https:\/\/linitiative.ca\/International\/wp-json\/wp\/v2\/posts"}],"about":[{"href":"https:\/\/linitiative.ca\/International\/wp-json\/wp\/v2\/types\/post"}],"author":[{"embeddable":true,"href":"https:\/\/linitiative.ca\/International\/wp-json\/wp\/v2\/users\/1742"}],"replies":[{"embeddable":true,"href":"https:\/\/linitiative.ca\/International\/wp-json\/wp\/v2\/comments?post=27884"}],"version-history":[{"count":0,"href":"https:\/\/linitiative.ca\/International\/wp-json\/wp\/v2\/posts\/27884\/revisions"}],"wp:attachment":[{"href":"https:\/\/linitiative.ca\/International\/wp-json\/wp\/v2\/media?parent=27884"}],"wp:term":[{"taxonomy":"category","embeddable":true,"href":"https:\/\/linitiative.ca\/International\/wp-json\/wp\/v2\/categories?post=27884"},{"taxonomy":"post_tag","embeddable":true,"href":"https:\/\/linitiative.ca\/International\/wp-json\/wp\/v2\/tags?post=27884"}],"curies":[{"name":"wp","href":"https:\/\/api.w.org\/{rel}","templated":true}]}}