{"id":27886,"date":"2019-04-15T06:00:00","date_gmt":"2019-04-15T10:00:00","guid":{"rendered":"https:\/\/linitiative.ca\/International\/plainte-a-alger-contre-innomedia\/"},"modified":"2019-04-15T06:00:00","modified_gmt":"2019-04-15T10:00:00","slug":"plainte-a-alger-contre-innomedia","status":"publish","type":"post","link":"https:\/\/linitiative.ca\/International\/plainte-a-alger-contre-innomedia\/","title":{"rendered":"Plainte \u00e0 Alger contre Innomedia"},"content":{"rendered":"<div id=\"originalText\" readability=\"72\">\n<p>Le pr\u00e9sident du Forum international de lutte contre la corruption et de la protection des droits universels \u2014 une organisation non gouvernementale de droit europ\u00e9en, bas\u00e9e en Espagne \u2014 Sofiane Fetni, a d\u00e9pos\u00e9 plainte, au bureau du procureur de la R\u00e9publique pr\u00e8s la cour d\u2019Alger pour corruption contre Abdelkader Zoukh, wali d\u2019Alger, le pr\u00e9sident de l\u2019APC de Ben Aknoun, le wali d\u00e9l\u00e9gu\u00e9 de la circonscription administrative de Bouzar\u00e9ah et le g\u00e9rant de l\u2019Eurl Innomedia. Le procureur a accept\u00e9 de l\u2019examiner, nous a indiqu\u00e9 son avocat, Lanouar Fa\u00ef\u00e7al. La plainte concerne \u201cun march\u00e9 d\u2019espaces d\u2019affichage grand format de 2 853 600 DA ill\u00e9galement attribu\u00e9 \u00e0 l\u2019Eurl Innomedia sur le territoire de l\u2019APC de Ben Aknoun\u201d.\u00a0<\/p>\n<p>Il lui a \u00e9t\u00e9 octroy\u00e9, \u201cen violation des r\u00e8gles du code des march\u00e9s, de l\u2019article 554 du code civil et de l\u2019article 178 du code des assurances relatif \u00e0 la garantie d\u00e9cennale (une p\u00e9riode de dix ans)\u201d, comme l\u2019explique Lanouar Fa\u00ef\u00e7al. Il s\u2019agit l\u00e0, dit-il, \u201cde d\u00e9lit de procuration d\u2019avantages injustifi\u00e9s relatifs \u00e0 des march\u00e9s publics\u201d. Selon le texte de la plainte, des arr\u00eat\u00e9s ont \u00e9t\u00e9 \u00e9labor\u00e9s par l\u2019administration pour l\u2019attribution de ce march\u00e9 \u00e0 cette soci\u00e9t\u00e9 sous le statut juridique d\u2019Eurl. Ainsi, il est cit\u00e9 dans la plainte \u201cl\u2019arr\u00eat\u00e9 n\u00b05 766 dat\u00e9 du 19 juillet 2018 et modifi\u00e9 par l\u2019arr\u00eat\u00e9 n\u00b06 761 dat\u00e9 du 6 septembre 2018 et sign\u00e9s par le wali d\u2019Alger Abdelkader Zoukh\u201d. Il y est \u00e9galement fait mention de \u201cl\u2019arr\u00eat\u00e9 n\u00b0160 sign\u00e9 par le pr\u00e9sident de l\u2019APC de Ben Aknoun et de la correspondance n\u00b0622\/2016 dat\u00e9e du 7 mars 2016 et sign\u00e9e par le wali d\u00e9l\u00e9gu\u00e9 de la circonscription administrative de Bouzar\u00e9ah\u201d.\u00a0<br \/>Selon la partie plaignante, Innomedia a b\u00e9n\u00e9fici\u00e9 d\u2019une \u201cautorisation exceptionnelle pour avoir ce march\u00e9, elle ne l\u2019a pas obtenu par la voie l\u00e9gale\u201d. Et cela constitue une \u201cviolation grave de la loi relative au code des march\u00e9s et de l\u2019arr\u00eat\u00e9 n\u00b0848 du 10 mai 2005 r\u00e9gissant les espaces d\u2019affichage et les cahiers des charges qui s\u2019y rapportent\u201d, selon la partie plaignante. Autre entorse \u00e0 la loi dans cette affaire, fait observer Lanouar Fa\u00ef\u00e7al, le fait qu\u2019\u201cil n\u2019y ait pas eu d\u2019actualisation du visa des commissions des march\u00e9s publics\u201d.\u00a0<br \/>En d\u00e9posant cette plainte, le pr\u00e9sident du Forum international de lutte contre la corruption et de la protection des droits universels veut d\u00e9poussi\u00e9rer ce dossier et ouvrir une enqu\u00eate pour faire toute la lumi\u00e8re sur cette affaire. \u201cLe procureur promet d\u2019\u00e9tudier notre plainte, c\u2019est d\u00e9j\u00e0 un bon point de d\u00e9part\u201d, nous explique Lanouar Fa\u00ef\u00e7al.<\/p>\n<p>Par cette plainte, la partie plaignante demande \u00e0 la justice l\u2019application des dispositions de la loi n\u00b006-01 du 20\/02\/2006 relative \u00e0 la lutte contre la corruption en Alg\u00e9rie, les instructions pr\u00e9sidentielles de lutte contre la corruption annonc\u00e9es lors du Conseil des ministres du 31\/08\/2008 et les instructions gouvernementales de lutte contre la corruption annonc\u00e9es lors du Conseil de gouvernement du 28\/06\/2008. Elle demande \u00e9galement l\u2019application des diff\u00e9rentes conventions internationales, notamment celle des Nations unies, portant lutte contre la corruption.<br \/>\u00a0<\/p>\n<p class=\"c10\"><strong>Youcef Salami<\/strong><\/p>\n<\/div>\n<div id=\"text_core\" readability=\"72\">\n<p>Le pr\u00e9sident du Forum international de lutte contre la corruption et de la protection des droits universels \u2014 une organisation non gouvernementale de droit europ\u00e9en, bas\u00e9e en Espagne \u2014 Sofiane Fetni, a d\u00e9pos\u00e9 plainte, au bureau du procureur de la R\u00e9publique pr\u00e8s la cour d\u2019Alger pour corruption contre Abdelkader Zoukh, wali d\u2019Alger, le pr\u00e9sident de l\u2019APC de Ben Aknoun, le wali d\u00e9l\u00e9gu\u00e9 de la circonscription administrative de Bouzar\u00e9ah et le g\u00e9rant de l\u2019Eurl Innomedia. Le procureur a accept\u00e9 de l\u2019examiner, nous a indiqu\u00e9 son avocat, Lanouar Fa\u00ef\u00e7al. La plainte concerne \u201cun march\u00e9 d\u2019espaces d\u2019affichage grand format de 2 853 600 DA ill\u00e9galement attribu\u00e9 \u00e0 l\u2019Eurl Innomedia sur le territoire de l\u2019APC de Ben Aknoun\u201d.\u00a0<\/p>\n<p>Il lui a \u00e9t\u00e9 octroy\u00e9, \u201cen violation des r\u00e8gles du code des march\u00e9s, de l\u2019article 554 du code civil et de l\u2019article 178 du code des assurances relatif \u00e0 la garantie d\u00e9cennale (une p\u00e9riode de dix ans)\u201d, comme l\u2019explique Lanouar Fa\u00ef\u00e7al. Il s\u2019agit l\u00e0, dit-il, \u201cde d\u00e9lit de procuration d\u2019avantages injustifi\u00e9s relatifs \u00e0 des march\u00e9s publics\u201d. Selon le texte de la plainte, des arr\u00eat\u00e9s ont \u00e9t\u00e9 \u00e9labor\u00e9s par l\u2019administration pour l\u2019attribution de ce march\u00e9 \u00e0 cette soci\u00e9t\u00e9 sous le statut juridique d\u2019Eurl. Ainsi, il est cit\u00e9 dans la plainte \u201cl\u2019arr\u00eat\u00e9 n\u00b05 766 dat\u00e9 du 19 juillet 2018 et modifi\u00e9 par l\u2019arr\u00eat\u00e9 n\u00b06 761 dat\u00e9 du 6 septembre 2018 et sign\u00e9s par le wali d\u2019Alger Abdelkader Zoukh\u201d. Il y est \u00e9galement fait mention de \u201cl\u2019arr\u00eat\u00e9 n\u00b0160 sign\u00e9 par le pr\u00e9sident de l\u2019APC de Ben Aknoun et de la correspondance n\u00b0622\/2016 dat\u00e9e du 7 mars 2016 et sign\u00e9e par le wali d\u00e9l\u00e9gu\u00e9 de la circonscription administrative de Bouzar\u00e9ah\u201d.\u00a0<br \/>Selon la partie plaignante, Innomedia a b\u00e9n\u00e9fici\u00e9 d\u2019une \u201cautorisation exceptionnelle pour avoir ce march\u00e9, elle ne l\u2019a pas obtenu par la voie l\u00e9gale\u201d. Et cela constitue une \u201cviolation grave de la loi relative au code des march\u00e9s et de l\u2019arr\u00eat\u00e9 n\u00b0848 du 10 mai 2005 r\u00e9gissant les espaces d\u2019affichage et les cahiers des charges qui s\u2019y rapportent\u201d, selon la partie plaignante. Autre entorse \u00e0 la loi dans cette affaire, fait observer Lanouar Fa\u00ef\u00e7al, le fait qu\u2019\u201cil n\u2019y ait pas eu d\u2019actualisation du visa des commissions des march\u00e9s publics\u201d.\u00a0<br \/>En d\u00e9posant cette plainte, le pr\u00e9sident du Forum international de lutte contre la corruption et de la protection des droits universels veut d\u00e9poussi\u00e9rer ce dossier et ouvrir une enqu\u00eate pour faire toute la lumi\u00e8re sur cette affaire. \u201cLe procureur promet d\u2019\u00e9tudier notre plainte, c\u2019est d\u00e9j\u00e0 un bon point de d\u00e9part\u201d, nous explique Lanouar Fa\u00ef\u00e7al.<\/p>\n<p>Par cette plainte, la partie plaignante demande \u00e0 la justice l\u2019application des dispositions de la loi n\u00b006-01 du 20\/02\/2006 relative \u00e0 la lutte contre la corruption en Alg\u00e9rie, les instructions pr\u00e9sidentielles de lutte contre la corruption annonc\u00e9es lors du Conseil des ministres du 31\/08\/2008 et les instructions gouvernementales de lutte contre la corruption annonc\u00e9es lors du Conseil de gouvernement du 28\/06\/2008. Elle demande \u00e9galement l\u2019application des diff\u00e9rentes conventions internationales, notamment celle des Nations unies, portant lutte contre la corruption.<br \/>\u00a0<\/p>\n<p class=\"c10\"><strong>Youcef Salami<\/strong><\/p>\n<\/div>\n<p>Auteur:<br \/>\n<a href=\"https:\/\/www.liberte-algerie.com\/actualite\/plainte-a-alger-contre-innomedia-313856\">Cliquez ici pour lire l&rsquo;article depuis sa source.<\/a><\/p>\n","protected":false},"excerpt":{"rendered":"<p>Le pr\u00e9sident du Forum international de lutte contre la corruption et de la protection des droits universels \u2014 une organisation non gouvernementale de droit europ\u00e9en, bas\u00e9e en Espagne \u2014 Sofiane Fetni, a d\u00e9pos\u00e9 plainte, au bureau du procureur de la R\u00e9publique pr\u00e8s la cour d\u2019Alger pour corruption contre Abdelkader Zoukh, wali d\u2019Alger, le pr\u00e9sident de [&hellip;]<\/p>\n","protected":false},"author":1742,"featured_media":0,"comment_status":"closed","ping_status":"closed","sticky":false,"template":"","format":"standard","meta":{"fifu_image_url":"","fifu_image_alt":"","footnotes":""},"categories":[73,53],"tags":[],"class_list":["post-27886","post","type-post","status-publish","format-standard","hentry","category-actualite","category-algerie"],"_links":{"self":[{"href":"https:\/\/linitiative.ca\/International\/wp-json\/wp\/v2\/posts\/27886","targetHints":{"allow":["GET"]}}],"collection":[{"href":"https:\/\/linitiative.ca\/International\/wp-json\/wp\/v2\/posts"}],"about":[{"href":"https:\/\/linitiative.ca\/International\/wp-json\/wp\/v2\/types\/post"}],"author":[{"embeddable":true,"href":"https:\/\/linitiative.ca\/International\/wp-json\/wp\/v2\/users\/1742"}],"replies":[{"embeddable":true,"href":"https:\/\/linitiative.ca\/International\/wp-json\/wp\/v2\/comments?post=27886"}],"version-history":[{"count":0,"href":"https:\/\/linitiative.ca\/International\/wp-json\/wp\/v2\/posts\/27886\/revisions"}],"wp:attachment":[{"href":"https:\/\/linitiative.ca\/International\/wp-json\/wp\/v2\/media?parent=27886"}],"wp:term":[{"taxonomy":"category","embeddable":true,"href":"https:\/\/linitiative.ca\/International\/wp-json\/wp\/v2\/categories?post=27886"},{"taxonomy":"post_tag","embeddable":true,"href":"https:\/\/linitiative.ca\/International\/wp-json\/wp\/v2\/tags?post=27886"}],"curies":[{"name":"wp","href":"https:\/\/api.w.org\/{rel}","templated":true}]}}