{"id":27900,"date":"2019-04-15T07:15:00","date_gmt":"2019-04-15T11:15:00","guid":{"rendered":"https:\/\/linitiative.ca\/International\/locde-sinquiete-du-sort-de-la-classe-moyenne\/"},"modified":"2019-04-15T07:15:00","modified_gmt":"2019-04-15T11:15:00","slug":"locde-sinquiete-du-sort-de-la-classe-moyenne","status":"publish","type":"post","link":"https:\/\/linitiative.ca\/International\/locde-sinquiete-du-sort-de-la-classe-moyenne\/","title":{"rendered":"L\u2019OCDE s\u2019inqui\u00e8te du sort de la classe moyenne"},"content":{"rendered":"<div readability=\"38\">\n<p>Premier constat: cette cat\u00e9gorie r\u00e9tr\u00e9cit<\/p>\n<p>Un co\u00fbt de la vie en hausse (logement, \u00e9ducation\u2026)<\/p>\n<p>Surendett\u00e9e, perspectives d\u2019emploi incertaines\u2026<\/p>\n<\/div>\n<div readability=\"112.589119074\">\n<div class=\"dnd-atom-wrapper type-image context-sdl_editor_representation\" contenteditable=\"false\" readability=\"34.5\">\n<div class=\"dnd-drop-wrapper image\"><img loading=\"lazy\" decoding=\"async\" typeof=\"foaf:Image\" class=\"img-responsive\" src=\"https:\/\/www.leconomiste.com:443\/sites\/default\/files\/eco7\/public\/thumbnails\/image\/ocde_094.jpg\" width=\"800\" height=\"444\" alt=\"ocde_094.jpg\" title=\"ocde_094.jpg\"\/><\/div>\n<div class=\"dnd-legend-wrapper\" contenteditable=\"true\" readability=\"14\">\n<p class=\"rtejustify\">Le co\u00fbt du mode de vie de la classe moyenne a augment\u00e9 plus vite que l\u2019inflation. Le logement, par exemple, repr\u00e9sente le poste de d\u00e9pense unique le plus important chez les m\u00e9nages \u00e0 revenu interm\u00e9diaire. Il correspond \u00e0 environ un tiers du revenu disponible, par rapport \u00e0 un quart dans les ann\u00e9es 90. Ces vingt derni\u00e8res ann\u00e9es, les prix du logement ont progress\u00e9 trois fois plus vite que le revenu m\u00e9dian des m\u00e9nages<\/p>\n<\/div>\n<\/div>\n<p class=\"rtejustify\">L\u2019OCDE expose la probl\u00e9matique de la classe moyenne \u00e0 travers les chiffres et les valeurs. Les m\u00e9nages de cette cat\u00e9gorie ont du mal \u00e0 pr\u00e9server leur poids dans l\u2019\u00e9conomie et leur mode de vie. Avec des revenus au point mort, ils n\u2019arrivent pas \u00e0 faire face \u00e0 la hausse des co\u00fbts du logement et de l\u2019\u00e9ducation, r\u00e9v\u00e8le l\u2019\u00e9tude intitul\u00e9e \u00abSous pression: la classe moyenne en perte de vitesse\u00bb.<\/p>\n<p class=\"rtejustify\">La classe moyenne a r\u00e9tr\u00e9ci dans la plupart des pays de l\u2019OCDE. Les jeunes g\u00e9n\u00e9rations ayant de plus en plus de mal y \u00e0 acc\u00e9der. Elle est d\u00e9finie comme les m\u00e9nages dont les revenus sont compris entre 75% et 200% du revenu national m\u00e9dian. Si pr\u00e8s de 70% des personnes de la g\u00e9n\u00e9ration du baby-boom faisaient partie des m\u00e9nages \u00e0 revenu interm\u00e9diaire lorsqu\u2019elles avaient une vingtaine d\u2019ann\u00e9es, seuls 60% des jeunes de la g\u00e9n\u00e9ration Y en font partie aujourd&rsquo;hui.<\/p>\n<p class=\"rtejustify\">L\u2019influence \u00e9conomique de ce groupe a aussi consid\u00e9rablement diminu\u00e9. Dans la zone OCDE, \u00e0 l\u2019exception de quelques pays, les revenus interm\u00e9diaires sont \u00e0 peine plus \u00e9lev\u00e9s aujourd&rsquo;hui qu\u2019il y a dix ans, progressant de 0,3% tout juste par an, soit un tiers de moins que le revenu moyen des 10% les plus ais\u00e9s.<\/p>\n<p class=\"rtejustify\">\u00abAujourd&rsquo;hui, la classe moyenne ressemble de plus en plus \u00e0 un bateau qui naviguerait en eaux troubles\u2026\u00bb, a indiqu\u00e9 le secr\u00e9taire g\u00e9n\u00e9ral de l\u2019OCDE Angel Gurr\u00eda, \u00e0 l\u2019occasion du lancement de l\u2019\u00e9tude \u00e0 New York avec Luis Felipe Lop\u00e9z-Calva, secr\u00e9taire g\u00e9n\u00e9ral adjoint, Am\u00e9rique latine et Cara\u00efbes, Programme des Nations unies pour le d\u00e9veloppement.<\/p>\n<p class=\"rtejustify\">Plus d\u2019un m\u00e9nage \u00e0 revenu interm\u00e9diaire sur cinq d\u00e9pense davantage qu\u2019il ne gagne, et le surendettement concerne davantage les m\u00e9nages de la classe moyenne que les m\u00e9nages \u00e0 revenu faible et \u00e0 revenu \u00e9lev\u00e9. Outre la chert\u00e9 du co\u00fbt du mode de vie et des prix du logement (voir infographie), les perspectives d\u2019emploi deviennent de plus en plus incertaines. Un travailleur \u00e0 revenu interm\u00e9diaire sur six occupe un emploi qui est fortement expos\u00e9 au risque d\u2019automatisation, contre un travailleur \u00e0 revenu faible sur cinq et un travailleur \u00e0 revenu \u00e9lev\u00e9 sur dix.<\/p>\n<p class=\"rtejustify\">Pour venir en aide \u00e0 la classe moyenne, l\u2019OCDE \u00e9met une s\u00e9rie de recommandations.\u00a0 D\u2019abord, un plan d\u2019action s\u2019impose. Puis, les gouvernements devraient am\u00e9liorer l\u2019acc\u00e8s \u00e0 des services publics de qualit\u00e9 et optimiser la couverture de la protection sociale. Face \u00e0 la mont\u00e9e du co\u00fbt de la vie, les mesures prises devraient encourager l\u2019offre de logements abordables.<\/p>\n<p class=\"rtejustify\">Des subventions cibl\u00e9es, des aides financi\u00e8res pour emprunter et un all\u00e8gement fiscal pour les acqu\u00e9reurs d\u2019un logement sont des solutions qui peuvent aider les m\u00e9nages \u00e0 revenu interm\u00e9diaire de la tranche inf\u00e9rieure. Dans les pays o\u00f9 le niveau d\u2019endettement li\u00e9 au logement est tr\u00e8s \u00e9lev\u00e9, l\u2019all\u00e8gement des pr\u00eats hypoth\u00e9caires permettrait aux m\u00e9nages asphyxi\u00e9s de sortir la t\u00eate de l\u2019eau.<\/p>\n<p class=\"rtejustify\">Il faut investir davantage dans les syst\u00e8mes d\u2019enseignement et de formation professionnels. Etant donn\u00e9 que les emplois temporaires ou instables (qui sont souvent plus pr\u00e9caires et moins bien r\u00e9mun\u00e9r\u00e9s) remplacent de plus en plus les emplois traditionnels de la classe moyenne.<\/p>\n<p class=\"rtejustify\">La couverture de l\u2019assurance sociale et des conventions collectives pour les travailleurs qui occupent des emplois atypiques, par exemple les travailleurs int\u00e9rimaires ou \u00e0 temps partiel et les travailleurs ind\u00e9pendants, devrait \u00eatre \u00e9tendue.<\/p>\n<p class=\"rtejustify\">Enfin, pour favoriser l\u2019\u00e9quit\u00e9 du syst\u00e8me socio\u00e9conomique, il faut envisager de transf\u00e9rer la charge fiscale du revenu du travail vers le revenu du capital et les plus-values, les revenus de la propri\u00e9t\u00e9 et les successions. Il est question aussi de rendre l\u2019imp\u00f4t sur le revenu plus progressif et \u00e9quitable.<\/p>\n<blockquote readability=\"17.2607449857\">\n<p class=\"rtecenter\"><strong><span class=\"c3\">Gilets jaunes, mouvement de boycott\u2026<\/span><\/strong><\/p>\n<p class=\"rtejustify\">La part de la classe moyenne en France (68% vs 61%) est plus importante que dans la plupart des pays de l\u2019OCDE. Dans l\u2019Hexagone, un m\u00e9nage \u00e0 revenu interm\u00e9diaire sur deux d\u00e9clare avoir des difficult\u00e9s \u00e0 joindre les deux bouts. D\u2019apr\u00e8s plusieurs sondages, une partie de la classe moyenne a exprim\u00e9 sa col\u00e8re au travers du mouvement des gilets jaunes. Au Maroc, des enqu\u00eates r\u00e9alis\u00e9es sur le mouvement de boycott qui a touch\u00e9 plusieurs produits ont montr\u00e9 que ce sont principalement les m\u00e9nages de la classe moyenne qui en sont le moteur <a href=\"https:\/\/leconomiste.com\/archive\/edition\/5279\" target=\"_blank\" rel=\"noopener noreferrer\"><span class=\"c4\"><strong><em>(cf. notre \u00e9dition N\u00b0 5279 du 24\/05\/2018)<\/em><\/strong><\/span><\/a>.<br \/>Dans le Royaume, la taille de la classe moyenne est petite par rapport \u00e0 celle d\u2019autres \u00e9conomies de march\u00e9 de m\u00eame niveau de d\u00e9veloppement qui ont connu un d\u00e9collage \u00e9conomique (cf. notre \u00e9dition N\u00b0 5324 du 27\/07\/2018). Selon une \u00e9tude du HCP r\u00e9alis\u00e9e conjointement avec la Banque mondiale, le poids de la classe moyenne a augment\u00e9, passant de 53% de la population en 2007 \u00e0 58,7% en 2014.<\/p>\n<\/blockquote>\n<p class=\"rtejustify\"><em>Fatim-Zahra TOHRY<\/em><\/p>\n<\/div>\n<p>Auteur: hlafriqi<br \/>\n<a href=\"https:\/\/www.leconomiste.com\/article\/1043639-l-ocde-s-inquiete-du-sort-de-la-classe-moyenne\">Cliquez ici pour lire l&rsquo;article depuis sa source.<\/a><\/p>\n","protected":false},"excerpt":{"rendered":"<p>Premier constat: cette cat\u00e9gorie r\u00e9tr\u00e9cit Un co\u00fbt de la vie en hausse (logement, \u00e9ducation\u2026) Surendett\u00e9e, perspectives d\u2019emploi incertaines\u2026 Le co\u00fbt du mode de vie de la classe moyenne a augment\u00e9 plus vite que l\u2019inflation. Le logement, par exemple, repr\u00e9sente le poste de d\u00e9pense unique le plus important chez les m\u00e9nages \u00e0 revenu interm\u00e9diaire. Il correspond [&hellip;]<\/p>\n","protected":false},"author":1763,"featured_media":27901,"comment_status":"closed","ping_status":"closed","sticky":false,"template":"","format":"standard","meta":{"fifu_image_url":"","fifu_image_alt":"","footnotes":""},"categories":[78,54],"tags":[],"class_list":["post-27900","post","type-post","status-publish","format-standard","has-post-thumbnail","hentry","category-economie","category-maroc"],"_links":{"self":[{"href":"https:\/\/linitiative.ca\/International\/wp-json\/wp\/v2\/posts\/27900","targetHints":{"allow":["GET"]}}],"collection":[{"href":"https:\/\/linitiative.ca\/International\/wp-json\/wp\/v2\/posts"}],"about":[{"href":"https:\/\/linitiative.ca\/International\/wp-json\/wp\/v2\/types\/post"}],"author":[{"embeddable":true,"href":"https:\/\/linitiative.ca\/International\/wp-json\/wp\/v2\/users\/1763"}],"replies":[{"embeddable":true,"href":"https:\/\/linitiative.ca\/International\/wp-json\/wp\/v2\/comments?post=27900"}],"version-history":[{"count":0,"href":"https:\/\/linitiative.ca\/International\/wp-json\/wp\/v2\/posts\/27900\/revisions"}],"wp:featuredmedia":[{"embeddable":true,"href":"https:\/\/linitiative.ca\/International\/wp-json\/"}],"wp:attachment":[{"href":"https:\/\/linitiative.ca\/International\/wp-json\/wp\/v2\/media?parent=27900"}],"wp:term":[{"taxonomy":"category","embeddable":true,"href":"https:\/\/linitiative.ca\/International\/wp-json\/wp\/v2\/categories?post=27900"},{"taxonomy":"post_tag","embeddable":true,"href":"https:\/\/linitiative.ca\/International\/wp-json\/wp\/v2\/tags?post=27900"}],"curies":[{"name":"wp","href":"https:\/\/api.w.org\/{rel}","templated":true}]}}