{"id":27910,"date":"2019-04-15T15:14:14","date_gmt":"2019-04-15T19:14:14","guid":{"rendered":"https:\/\/linitiative.ca\/International\/international-liverpool-mohamed-salah-explique-son-etonnante-celebration\/"},"modified":"2019-04-15T15:14:14","modified_gmt":"2019-04-15T19:14:14","slug":"international-liverpool-mohamed-salah-explique-son-etonnante-celebration","status":"publish","type":"post","link":"https:\/\/linitiative.ca\/International\/international-liverpool-mohamed-salah-explique-son-etonnante-celebration\/","title":{"rendered":"International : Liverpool : Mohamed Salah explique son \u00e9tonnante c\u00e9l\u00e9bration"},"content":{"rendered":"<div readability=\"32\">\n<p>Auteur : <span class=\"time\">lundi 15 avril 2019 12:18<\/span><\/p>\n<\/div>\n<div id=\"post_core\" readability=\"41\">\n<p>Du c\u00f4t\u00e9 de l&rsquo;Angleterre, la presse s\u2019enflamme autant pour le but que pour l\u2019\u00e9tonnante c\u00e9l\u00e9bration du but sign\u00e9 de l\u2019attaquant \u00e9gyptien.<\/p>\n<p>La photo pr\u00e9sentant l\u2019attaquant des Reds en position de Yoga et de m\u00e9ditation fait d\u2019ailleurs la une partout de l\u2019autre c\u00f4t\u00e9 de la Manche. L\u00e0 aussi, Salah explique les raisons de cette c\u00e9l\u00e9bration. \u00ab\u00a0Je suis un yoga man. Je fais du yoga et cette c\u00e9l\u00e9bration m\u2019est venue \u00e0 l\u2019esprit.\u00a0\u00bb Ce Mohamed Salah 2.0 revient en grande forme au meilleur des moments pour Liverpool comme le souligne Footmercato. Entre la qu\u00eate du titre en Premier League et une possible victoire en Ligue des Champions, ce Mohamed Salah tr\u00e8s zen et plut\u00f4t inspir\u00e9 devrait \u00eatre pr\u00e9cieux pour J\u00fcrgen Klopp.<\/p>\n<p><strong>Publi\u00e9 dans :<\/strong> <span>liverpool<\/span><\/p>\n<\/div>\n<p>Auteur:<br \/>\n<a href=\"http:\/\/www.lebuteur.com\/article\/detail?titre=liverpool-mohamed-salah-explique-son-etonnante-celebration&#038;id=88016&#038;utm_source=feedburner&#038;utm_medium=feed&#038;utm_campaign=Feed%3A+GalerieFArtciles+%28Les+derniers+articles++-+lebuteur.com%29\">Cliquez ici pour lire l&rsquo;article depuis sa source.<\/a><\/p>\n","protected":false},"excerpt":{"rendered":"<p>Auteur : lundi 15 avril 2019 12:18 Du c\u00f4t\u00e9 de l&rsquo;Angleterre, la presse s\u2019enflamme autant pour le but que pour l\u2019\u00e9tonnante c\u00e9l\u00e9bration du but sign\u00e9 de l\u2019attaquant \u00e9gyptien. La photo pr\u00e9sentant l\u2019attaquant des Reds en position de Yoga et de m\u00e9ditation fait d\u2019ailleurs la une partout de l\u2019autre c\u00f4t\u00e9 de la Manche. L\u00e0 aussi, Salah [&hellip;]<\/p>\n","protected":false},"author":1738,"featured_media":27911,"comment_status":"closed","ping_status":"closed","sticky":false,"template":"","format":"standard","meta":{"fifu_image_url":"","fifu_image_alt":"","footnotes":""},"categories":[53,75],"tags":[],"class_list":["post-27910","post","type-post","status-publish","format-standard","has-post-thumbnail","hentry","category-algerie","category-sport"],"_links":{"self":[{"href":"https:\/\/linitiative.ca\/International\/wp-json\/wp\/v2\/posts\/27910","targetHints":{"allow":["GET"]}}],"collection":[{"href":"https:\/\/linitiative.ca\/International\/wp-json\/wp\/v2\/posts"}],"about":[{"href":"https:\/\/linitiative.ca\/International\/wp-json\/wp\/v2\/types\/post"}],"author":[{"embeddable":true,"href":"https:\/\/linitiative.ca\/International\/wp-json\/wp\/v2\/users\/1738"}],"replies":[{"embeddable":true,"href":"https:\/\/linitiative.ca\/International\/wp-json\/wp\/v2\/comments?post=27910"}],"version-history":[{"count":0,"href":"https:\/\/linitiative.ca\/International\/wp-json\/wp\/v2\/posts\/27910\/revisions"}],"wp:featuredmedia":[{"embeddable":true,"href":"https:\/\/linitiative.ca\/International\/wp-json\/"}],"wp:attachment":[{"href":"https:\/\/linitiative.ca\/International\/wp-json\/wp\/v2\/media?parent=27910"}],"wp:term":[{"taxonomy":"category","embeddable":true,"href":"https:\/\/linitiative.ca\/International\/wp-json\/wp\/v2\/categories?post=27910"},{"taxonomy":"post_tag","embeddable":true,"href":"https:\/\/linitiative.ca\/International\/wp-json\/wp\/v2\/tags?post=27910"}],"curies":[{"name":"wp","href":"https:\/\/api.w.org\/{rel}","templated":true}]}}