{"id":27912,"date":"2019-04-15T15:14:19","date_gmt":"2019-04-15T19:14:19","guid":{"rendered":"https:\/\/linitiative.ca\/International\/international-real-vinicius-jr-nerveux-au-moment-de-parler-a-zidane\/"},"modified":"2019-04-15T15:14:19","modified_gmt":"2019-04-15T19:14:19","slug":"international-real-vinicius-jr-nerveux-au-moment-de-parler-a-zidane","status":"publish","type":"post","link":"https:\/\/linitiative.ca\/International\/international-real-vinicius-jr-nerveux-au-moment-de-parler-a-zidane\/","title":{"rendered":"International : Real : Vinicius Jr nerveux au moment de parler \u00e0 Zidane"},"content":{"rendered":"<div readability=\"32\">\n<p>Auteur : <span class=\"time\">lundi 15 avril 2019 12:41<\/span><\/p>\n<\/div>\n<div id=\"post_core\" readability=\"48\">\n<p>Pour Globo TV,\u00a0\u00a0le jeune ailier br\u00e9silien a \u00e9voqu\u00e9 son impatience \u00e0 l&rsquo;id\u00e9e de travailler avec l&rsquo;entra\u00eeneur fran\u00e7ais :<\/p>\n<p>\u00ab\u00a0Quand une personne comme \u00e7a, qui a tr\u00e8s bien jou\u00e9, est sur le banc et vous parle, vous faites attention. Parfois nous sommes un peu nerveux quand nous allons lui parler.\u00a0Je sais que Zidane tire beaucoup sur tout le monde, nous nous pr\u00e9parons maintenant pour la saison prochaine, je suis calme, car je sais que quand je serai r\u00e9tabli, mon opportunit\u00e9 se pr\u00e9sentera\u00a0\u00bb. Des propos relay\u00e9s par Goal.<\/p>\n<p><strong>Publi\u00e9 dans :<\/strong> <span>real madrid<\/span><\/p>\n<\/div>\n<p>Auteur:<br \/>\n<a href=\"http:\/\/www.lebuteur.com\/article\/detail?titre=real-vinicius-jr-nerveux-au-moment-de-parler-a-zidane&#038;id=88017&#038;utm_source=feedburner&#038;utm_medium=feed&#038;utm_campaign=Feed%3A+GalerieFArtciles+%28Les+derniers+articles++-+lebuteur.com%29\">Cliquez ici pour lire l&rsquo;article depuis sa source.<\/a><\/p>\n","protected":false},"excerpt":{"rendered":"<p>Auteur : lundi 15 avril 2019 12:41 Pour Globo TV,\u00a0\u00a0le jeune ailier br\u00e9silien a \u00e9voqu\u00e9 son impatience \u00e0 l&rsquo;id\u00e9e de travailler avec l&rsquo;entra\u00eeneur fran\u00e7ais : \u00ab\u00a0Quand une personne comme \u00e7a, qui a tr\u00e8s bien jou\u00e9, est sur le banc et vous parle, vous faites attention. Parfois nous sommes un peu nerveux quand nous allons lui [&hellip;]<\/p>\n","protected":false},"author":1738,"featured_media":27913,"comment_status":"closed","ping_status":"closed","sticky":false,"template":"","format":"standard","meta":{"fifu_image_url":"","fifu_image_alt":"","footnotes":""},"categories":[53,75],"tags":[],"class_list":["post-27912","post","type-post","status-publish","format-standard","has-post-thumbnail","hentry","category-algerie","category-sport"],"_links":{"self":[{"href":"https:\/\/linitiative.ca\/International\/wp-json\/wp\/v2\/posts\/27912","targetHints":{"allow":["GET"]}}],"collection":[{"href":"https:\/\/linitiative.ca\/International\/wp-json\/wp\/v2\/posts"}],"about":[{"href":"https:\/\/linitiative.ca\/International\/wp-json\/wp\/v2\/types\/post"}],"author":[{"embeddable":true,"href":"https:\/\/linitiative.ca\/International\/wp-json\/wp\/v2\/users\/1738"}],"replies":[{"embeddable":true,"href":"https:\/\/linitiative.ca\/International\/wp-json\/wp\/v2\/comments?post=27912"}],"version-history":[{"count":0,"href":"https:\/\/linitiative.ca\/International\/wp-json\/wp\/v2\/posts\/27912\/revisions"}],"wp:featuredmedia":[{"embeddable":true,"href":"https:\/\/linitiative.ca\/International\/wp-json\/"}],"wp:attachment":[{"href":"https:\/\/linitiative.ca\/International\/wp-json\/wp\/v2\/media?parent=27912"}],"wp:term":[{"taxonomy":"category","embeddable":true,"href":"https:\/\/linitiative.ca\/International\/wp-json\/wp\/v2\/categories?post=27912"},{"taxonomy":"post_tag","embeddable":true,"href":"https:\/\/linitiative.ca\/International\/wp-json\/wp\/v2\/tags?post=27912"}],"curies":[{"name":"wp","href":"https:\/\/api.w.org\/{rel}","templated":true}]}}