{"id":27914,"date":"2019-04-15T15:14:23","date_gmt":"2019-04-15T19:14:23","guid":{"rendered":"https:\/\/linitiative.ca\/International\/equipe-dalgerie-can-2019-avant-de-prendre-une-decision-concernant-mbolhi-belmadi-reclame-son-dossier-medical\/"},"modified":"2019-04-15T15:14:23","modified_gmt":"2019-04-15T19:14:23","slug":"equipe-dalgerie-can-2019-avant-de-prendre-une-decision-concernant-mbolhi-belmadi-reclame-son-dossier-medical","status":"publish","type":"post","link":"https:\/\/linitiative.ca\/International\/equipe-dalgerie-can-2019-avant-de-prendre-une-decision-concernant-mbolhi-belmadi-reclame-son-dossier-medical\/","title":{"rendered":"Equipe d&rsquo;Alg\u00e9rie : CAN 2019 : Avant de prendre une d\u00e9cision concernant Mbolhi, Belmadi r\u00e9clame son dossier m\u00e9dical"},"content":{"rendered":"<div readability=\"32\">\n<p>Auteur : <span class=\"time\">lundi 15 avril 2019 13:36<\/span><\/p>\n<\/div>\n<div id=\"post_core\" readability=\"40\">\n<p>Et selon les informations de la presse saoudienne, le staff technique de l&rsquo;\u00e9quipe nationale a r\u00e9clam\u00e9 au club d&rsquo;Ettifaq FC le dossier m\u00e9dical du portier alg\u00e9rien afin d&rsquo;\u00e9valuer la possibilit\u00e9 de le voir participer \u00e0 la Coupe d&rsquo;Afrique des Nations cet \u00e9t\u00e9.<\/p>\n<p>Mbolhi a entam\u00e9 ce samedi en France la deuxi\u00e8me phase de sa r\u00e9\u00e9ducation qui doit s&rsquo;\u00e9tendre sur sept semaines avant de reprendre les entrainements. Il est \u00e0 rappeler que le portier des Verts a subi une op\u00e9ration chirurgicale au niveau du doigt suite \u00e0 une blessure contract\u00e9e dans le championnat saoudien.<\/p>\n<p><strong>Publi\u00e9 dans :<\/strong> <span>algerie<\/span><\/p>\n<\/div>\n<p>Auteur:<br \/>\n<a href=\"http:\/\/www.lebuteur.com\/article\/detail?titre=can-2019-avant-de-prendre-une-decision-concernant-mbolhi-belmadi-reclame-son-dossier-medical&#038;id=88018&#038;utm_source=feedburner&#038;utm_medium=feed&#038;utm_campaign=Feed%3A+GalerieFArtciles+%28Les+derniers+articles++-+lebuteur.com%29\">Cliquez ici pour lire l&rsquo;article depuis sa source.<\/a><\/p>\n","protected":false},"excerpt":{"rendered":"<p>Auteur : lundi 15 avril 2019 13:36 Et selon les informations de la presse saoudienne, le staff technique de l&rsquo;\u00e9quipe nationale a r\u00e9clam\u00e9 au club d&rsquo;Ettifaq FC le dossier m\u00e9dical du portier alg\u00e9rien afin d&rsquo;\u00e9valuer la possibilit\u00e9 de le voir participer \u00e0 la Coupe d&rsquo;Afrique des Nations cet \u00e9t\u00e9. Mbolhi a entam\u00e9 ce samedi en [&hellip;]<\/p>\n","protected":false},"author":1738,"featured_media":27915,"comment_status":"closed","ping_status":"closed","sticky":false,"template":"","format":"standard","meta":{"fifu_image_url":"","fifu_image_alt":"","footnotes":""},"categories":[53,75],"tags":[],"class_list":["post-27914","post","type-post","status-publish","format-standard","has-post-thumbnail","hentry","category-algerie","category-sport"],"_links":{"self":[{"href":"https:\/\/linitiative.ca\/International\/wp-json\/wp\/v2\/posts\/27914","targetHints":{"allow":["GET"]}}],"collection":[{"href":"https:\/\/linitiative.ca\/International\/wp-json\/wp\/v2\/posts"}],"about":[{"href":"https:\/\/linitiative.ca\/International\/wp-json\/wp\/v2\/types\/post"}],"author":[{"embeddable":true,"href":"https:\/\/linitiative.ca\/International\/wp-json\/wp\/v2\/users\/1738"}],"replies":[{"embeddable":true,"href":"https:\/\/linitiative.ca\/International\/wp-json\/wp\/v2\/comments?post=27914"}],"version-history":[{"count":0,"href":"https:\/\/linitiative.ca\/International\/wp-json\/wp\/v2\/posts\/27914\/revisions"}],"wp:featuredmedia":[{"embeddable":true,"href":"https:\/\/linitiative.ca\/International\/wp-json\/"}],"wp:attachment":[{"href":"https:\/\/linitiative.ca\/International\/wp-json\/wp\/v2\/media?parent=27914"}],"wp:term":[{"taxonomy":"category","embeddable":true,"href":"https:\/\/linitiative.ca\/International\/wp-json\/wp\/v2\/categories?post=27914"},{"taxonomy":"post_tag","embeddable":true,"href":"https:\/\/linitiative.ca\/International\/wp-json\/wp\/v2\/tags?post=27914"}],"curies":[{"name":"wp","href":"https:\/\/api.w.org\/{rel}","templated":true}]}}