{"id":27918,"date":"2019-04-15T15:14:27","date_gmt":"2019-04-15T19:14:27","guid":{"rendered":"https:\/\/linitiative.ca\/International\/equipe-dalgerie-en-vers-un-match-amical-algerie-rd-congo-le-16-juin-en-espagne\/"},"modified":"2019-04-15T15:14:27","modified_gmt":"2019-04-15T19:14:27","slug":"equipe-dalgerie-en-vers-un-match-amical-algerie-rd-congo-le-16-juin-en-espagne","status":"publish","type":"post","link":"https:\/\/linitiative.ca\/International\/equipe-dalgerie-en-vers-un-match-amical-algerie-rd-congo-le-16-juin-en-espagne\/","title":{"rendered":"Equipe d&rsquo;Alg\u00e9rie : EN: Vers un match amical Alg\u00e9rie \u2013 RD Congo le 16 juin en Espagne"},"content":{"rendered":"<div readability=\"32\">\n<p>Auteur : <span class=\"time\">lundi 15 avril 2019 16:20<\/span><\/p>\n<\/div>\n<div id=\"post_core\" readability=\"37\">\n<p>Les Verts pourraient affronter la R\u00e9publique D\u00e9mocratique du Congo le 16 juin prochain en amical en Espagne. La FAF a envoy\u00e9 un courrier \u00e0 son homologue du RD Congo pour requ\u00e9rir\u00a0:\u00a0\u00abla disponibilit\u00e9 de la s\u00e9lection congolaise \u00e0 jouer un match amical contre notre s\u00e9lection le 16 juin en Espagne.\u00bb Deux autres matchs devraient \u00eatre au menu de la pr\u00e9paration des Verts pour la prochaine CAN.<\/p>\n<p><strong>Publi\u00e9 dans :<\/strong> <span>algerie<\/span> <span>RD Congo<\/span><\/p>\n<\/div>\n<p>Auteur:<br \/>\n<a href=\"http:\/\/www.lebuteur.com\/article\/detail?titre=en-vers-un-match-amical-algerie-rd-congo-le-16-juin-en-espagne&#038;id=88020&#038;utm_source=feedburner&#038;utm_medium=feed&#038;utm_campaign=Feed%3A+GalerieFArtciles+%28Les+derniers+articles++-+lebuteur.com%29\">Cliquez ici pour lire l&rsquo;article depuis sa source.<\/a><\/p>\n","protected":false},"excerpt":{"rendered":"<p>Auteur : lundi 15 avril 2019 16:20 Les Verts pourraient affronter la R\u00e9publique D\u00e9mocratique du Congo le 16 juin prochain en amical en Espagne. La FAF a envoy\u00e9 un courrier \u00e0 son homologue du RD Congo pour requ\u00e9rir\u00a0:\u00a0\u00abla disponibilit\u00e9 de la s\u00e9lection congolaise \u00e0 jouer un match amical contre notre s\u00e9lection le 16 juin en [&hellip;]<\/p>\n","protected":false},"author":1738,"featured_media":27919,"comment_status":"closed","ping_status":"closed","sticky":false,"template":"","format":"standard","meta":{"fifu_image_url":"","fifu_image_alt":"","footnotes":""},"categories":[53,75],"tags":[],"class_list":["post-27918","post","type-post","status-publish","format-standard","has-post-thumbnail","hentry","category-algerie","category-sport"],"_links":{"self":[{"href":"https:\/\/linitiative.ca\/International\/wp-json\/wp\/v2\/posts\/27918","targetHints":{"allow":["GET"]}}],"collection":[{"href":"https:\/\/linitiative.ca\/International\/wp-json\/wp\/v2\/posts"}],"about":[{"href":"https:\/\/linitiative.ca\/International\/wp-json\/wp\/v2\/types\/post"}],"author":[{"embeddable":true,"href":"https:\/\/linitiative.ca\/International\/wp-json\/wp\/v2\/users\/1738"}],"replies":[{"embeddable":true,"href":"https:\/\/linitiative.ca\/International\/wp-json\/wp\/v2\/comments?post=27918"}],"version-history":[{"count":0,"href":"https:\/\/linitiative.ca\/International\/wp-json\/wp\/v2\/posts\/27918\/revisions"}],"wp:featuredmedia":[{"embeddable":true,"href":"https:\/\/linitiative.ca\/International\/wp-json\/"}],"wp:attachment":[{"href":"https:\/\/linitiative.ca\/International\/wp-json\/wp\/v2\/media?parent=27918"}],"wp:term":[{"taxonomy":"category","embeddable":true,"href":"https:\/\/linitiative.ca\/International\/wp-json\/wp\/v2\/categories?post=27918"},{"taxonomy":"post_tag","embeddable":true,"href":"https:\/\/linitiative.ca\/International\/wp-json\/wp\/v2\/tags?post=27918"}],"curies":[{"name":"wp","href":"https:\/\/api.w.org\/{rel}","templated":true}]}}