{"id":27923,"date":"2019-04-14T19:00:00","date_gmt":"2019-04-14T23:00:00","guid":{"rendered":"https:\/\/linitiative.ca\/International\/le-chef-de-letat-recoit-le-ministre-des-affaires-etrangeres-sabri-boukadoum\/"},"modified":"2019-04-14T19:00:00","modified_gmt":"2019-04-14T23:00:00","slug":"le-chef-de-letat-recoit-le-ministre-des-affaires-etrangeres-sabri-boukadoum","status":"publish","type":"post","link":"https:\/\/linitiative.ca\/International\/le-chef-de-letat-recoit-le-ministre-des-affaires-etrangeres-sabri-boukadoum\/","title":{"rendered":"Le chef de l\u2019Etat re\u00e7oit le ministre des Affaires \u00e9trang\u00e8res Sabri Boukadoum"},"content":{"rendered":"<p><strong>Le Chef de l&rsquo;\u00c9tat, Abdelkader Bensalah, a re\u00e7u, hier au si\u00e8ge de la pr\u00e9sidence de la R\u00e9publique \u00e0 Alger, le ministre des Affaires \u00e9trang\u00e8res, Sabri Boukadoum.<\/strong><\/p>\n<p>Cette audience, qui intervient quelques jours apr\u00e8s sa prise de fonctions, est la deuxi\u00e8me du genre du Chef de l&rsquo;Etat qui avait re\u00e7u jeudi dernier le Premier ministre, Noureddine Bedoui.<br \/>L\u2019audience a permis de \u00abpasser en revue la situation politique dans les pays de la r\u00e9gion, notamment en Libye, et le risque d\u2019aggravation de la situation affectant directement le peuple libyen fr\u00e8re\u00bb, pr\u00e9cise la m\u00eame\u00a0\u00a0 source, ajoutant que \u00abl\u2019Alg\u00e9rie encourage fortement l\u2019ensemble des Libyens \u00e0 rechercher une solution politique \u00e0 m\u00eame de contribuer \u00e0 la paix et la stabilit\u00e9 de notre r\u00e9gion\u00bb. Elle a port\u00e9 \u00e9galement sur \u00abla situation internationale, particuli\u00e8rement dans le Monde arabe, le grand voisinage de l\u2019Alg\u00e9rie et les autres\u00a0\u00a0 questions d\u2019actualit\u00e9 majeures\u00bb.<br \/>Le ministre des Affaires \u00e9trang\u00e8res a, par ailleurs, soumis au Chef de l\u2019Etat \u00ables principaux \u00e9l\u00e9ments de son programme d\u2019action\u00bb. Le Chef de l\u2019Etat a rappel\u00e9, \u00e0 cette occasion, \u00ables axes centraux de notre politique \u00e9trang\u00e8re, notamment la non-ing\u00e9rence dans les affaires internes, la promotion de la paix et de la coop\u00e9ration internationales au mieux des int\u00e9r\u00eats de notre pays\u00bb.<\/p>\n<p><strong>Forum minist\u00e9riel\u00a0 Russie &#8211; Monde arabe : M. Boukadoum \u00e0 Moscou\u00a0<\/strong><br \/>\u00a0<br \/>M. Boukadoum se rendra aujourd\u2019hui \u00e0 Moscou o\u00f9 il repr\u00e9sentera l&rsquo;Alg\u00e9rie \u00e0 la 5e session du Forum minist\u00e9riel de coop\u00e9ration \u00ab\u00a0Russie-Monde arabe qui est un cadre de consultation et de coop\u00e9ration cr\u00e9\u00e9 en 2003 pour promouvoir le dialogue politique et la coop\u00e9ration entre les pays membres de la Ligue des Etats arabes et la Russie, en particulier sur les grandes questions r\u00e9gionales et internationales. Il aura, \u00e0 l&rsquo;occasion de cette visite, des entretiens bilat\u00e9raux avec plusieurs de ses homologues arabes.<br \/>\u00a0<\/p>\n<p>Auteur: elmoudjahid<br \/>\n<a href=\"http:\/\/www.elmoudjahid.com\/fr\/actualites\/135837\">Cliquez ici pour lire l&rsquo;article depuis sa source.<\/a><\/p>\n","protected":false},"excerpt":{"rendered":"<p>Le Chef de l&rsquo;\u00c9tat, Abdelkader Bensalah, a re\u00e7u, hier au si\u00e8ge de la pr\u00e9sidence de la R\u00e9publique \u00e0 Alger, le ministre des Affaires \u00e9trang\u00e8res, Sabri Boukadoum. Cette audience, qui intervient quelques jours apr\u00e8s sa prise de fonctions, est la deuxi\u00e8me du genre du Chef de l&rsquo;Etat qui avait re\u00e7u jeudi dernier le Premier ministre, Noureddine [&hellip;]<\/p>\n","protected":false},"author":1744,"featured_media":0,"comment_status":"closed","ping_status":"closed","sticky":false,"template":"","format":"standard","meta":{"fifu_image_url":"","fifu_image_alt":"","footnotes":""},"categories":[73,53],"tags":[],"class_list":["post-27923","post","type-post","status-publish","format-standard","hentry","category-actualite","category-algerie"],"_links":{"self":[{"href":"https:\/\/linitiative.ca\/International\/wp-json\/wp\/v2\/posts\/27923","targetHints":{"allow":["GET"]}}],"collection":[{"href":"https:\/\/linitiative.ca\/International\/wp-json\/wp\/v2\/posts"}],"about":[{"href":"https:\/\/linitiative.ca\/International\/wp-json\/wp\/v2\/types\/post"}],"author":[{"embeddable":true,"href":"https:\/\/linitiative.ca\/International\/wp-json\/wp\/v2\/users\/1744"}],"replies":[{"embeddable":true,"href":"https:\/\/linitiative.ca\/International\/wp-json\/wp\/v2\/comments?post=27923"}],"version-history":[{"count":0,"href":"https:\/\/linitiative.ca\/International\/wp-json\/wp\/v2\/posts\/27923\/revisions"}],"wp:attachment":[{"href":"https:\/\/linitiative.ca\/International\/wp-json\/wp\/v2\/media?parent=27923"}],"wp:term":[{"taxonomy":"category","embeddable":true,"href":"https:\/\/linitiative.ca\/International\/wp-json\/wp\/v2\/categories?post=27923"},{"taxonomy":"post_tag","embeddable":true,"href":"https:\/\/linitiative.ca\/International\/wp-json\/wp\/v2\/tags?post=27923"}],"curies":[{"name":"wp","href":"https:\/\/api.w.org\/{rel}","templated":true}]}}