{"id":27924,"date":"2019-04-14T19:00:00","date_gmt":"2019-04-14T23:00:00","guid":{"rendered":"https:\/\/linitiative.ca\/International\/m-gaid-salah-en-visite-de-travail-a-la-4e-region-militaire\/"},"modified":"2019-04-14T19:00:00","modified_gmt":"2019-04-14T23:00:00","slug":"m-gaid-salah-en-visite-de-travail-a-la-4e-region-militaire","status":"publish","type":"post","link":"https:\/\/linitiative.ca\/International\/m-gaid-salah-en-visite-de-travail-a-la-4e-region-militaire\/","title":{"rendered":"M. Ga\u00efd Salah en visite de  travail \u00e0 la 4e R\u00e9gion militaire"},"content":{"rendered":"<p>Le g\u00e9n\u00e9ral de corps d&rsquo;Arm\u00e9e, Ahmed Ga\u00efd Salah, vice-ministre de la D\u00e9fense nationale, chef d&rsquo;\u00e9tat-major de l&rsquo;Arm\u00e9e nationale populaire, effectuera, du 15 au 18 avril une visite de travail et d&rsquo;inspection \u00e0 la 4e R\u00e9gion militaire \u00e0 Ouargla, indique le minist\u00e8re de la D\u00e9fense nationale dans un communiqu\u00e9.\u00a0 Lors de cette visite, le g\u00e9n\u00e9ral de corps d&rsquo;Arm\u00e9e \u00ab\u00a0supervisera un exercice tactique avec munitions r\u00e9elles visant le contr\u00f4le de la 2e phase de la pr\u00e9paration au combat ; proc\u00e8dera \u00e0 l&rsquo;inspection de certaines unit\u00e9s et tiendra des r\u00e9unions d&rsquo;orientation avec les cadres et les personnels de la 4e R\u00e9gion militaire\u00a0\u00bb.<br \/>\u00a0<\/p>\n<p>Auteur: elmoudjahid<br \/>\n<a href=\"http:\/\/www.elmoudjahid.com\/fr\/actualites\/135838\">Cliquez ici pour lire l&rsquo;article depuis sa source.<\/a><\/p>\n","protected":false},"excerpt":{"rendered":"<p>Le g\u00e9n\u00e9ral de corps d&rsquo;Arm\u00e9e, Ahmed Ga\u00efd Salah, vice-ministre de la D\u00e9fense nationale, chef d&rsquo;\u00e9tat-major de l&rsquo;Arm\u00e9e nationale populaire, effectuera, du 15 au 18 avril une visite de travail et d&rsquo;inspection \u00e0 la 4e R\u00e9gion militaire \u00e0 Ouargla, indique le minist\u00e8re de la D\u00e9fense nationale dans un communiqu\u00e9.\u00a0 Lors de cette visite, le g\u00e9n\u00e9ral de [&hellip;]<\/p>\n","protected":false},"author":1744,"featured_media":0,"comment_status":"closed","ping_status":"closed","sticky":false,"template":"","format":"standard","meta":{"fifu_image_url":"","fifu_image_alt":"","footnotes":""},"categories":[73,53],"tags":[],"class_list":["post-27924","post","type-post","status-publish","format-standard","hentry","category-actualite","category-algerie"],"_links":{"self":[{"href":"https:\/\/linitiative.ca\/International\/wp-json\/wp\/v2\/posts\/27924","targetHints":{"allow":["GET"]}}],"collection":[{"href":"https:\/\/linitiative.ca\/International\/wp-json\/wp\/v2\/posts"}],"about":[{"href":"https:\/\/linitiative.ca\/International\/wp-json\/wp\/v2\/types\/post"}],"author":[{"embeddable":true,"href":"https:\/\/linitiative.ca\/International\/wp-json\/wp\/v2\/users\/1744"}],"replies":[{"embeddable":true,"href":"https:\/\/linitiative.ca\/International\/wp-json\/wp\/v2\/comments?post=27924"}],"version-history":[{"count":0,"href":"https:\/\/linitiative.ca\/International\/wp-json\/wp\/v2\/posts\/27924\/revisions"}],"wp:attachment":[{"href":"https:\/\/linitiative.ca\/International\/wp-json\/wp\/v2\/media?parent=27924"}],"wp:term":[{"taxonomy":"category","embeddable":true,"href":"https:\/\/linitiative.ca\/International\/wp-json\/wp\/v2\/categories?post=27924"},{"taxonomy":"post_tag","embeddable":true,"href":"https:\/\/linitiative.ca\/International\/wp-json\/wp\/v2\/tags?post=27924"}],"curies":[{"name":"wp","href":"https:\/\/api.w.org\/{rel}","templated":true}]}}