{"id":27925,"date":"2019-04-14T19:00:00","date_gmt":"2019-04-14T23:00:00","guid":{"rendered":"https:\/\/linitiative.ca\/International\/le-ministre-de-la-justice-recoit-lambassadeur-de-palestine\/"},"modified":"2019-04-14T19:00:00","modified_gmt":"2019-04-14T23:00:00","slug":"le-ministre-de-la-justice-recoit-lambassadeur-de-palestine","status":"publish","type":"post","link":"https:\/\/linitiative.ca\/International\/le-ministre-de-la-justice-recoit-lambassadeur-de-palestine\/","title":{"rendered":"Le ministre de la Justice re\u00e7oit  l\u2019ambassadeur de Palestine"},"content":{"rendered":"<p>Le ministre de la Justice, garde des Sceaux, Slimane Brahimi, a re\u00e7u hier l&rsquo;ambassadeur de l&rsquo;Etat de Palestine, Loua\u00ef A\u00efssa qui lui a rendu une visite d&rsquo;adieu au terme de sa mission en Alg\u00e9rie.\u00a0\u00a0 L&rsquo;ambassadeur palestinien a inform\u00e9 le ministre des derniers d\u00e9veloppements de la question palestinienne, se f\u00e9licitant, \u00e0 cette occasion, des positions in\u00e9branlables de l&rsquo;Alg\u00e9rie vis-\u00e0-vis de la cause du peuple palestinien.\u00a0\u00a0 Pour sa part, le ministre de la Justice a r\u00e9affirm\u00e9 \u00ab\u00a0le soutien ind\u00e9fectible de l&rsquo;Alg\u00e9rie\u00a0\u00bb \u00e0 la cause palestinienne.<br \/>\u00a0<\/p>\n<p>Auteur: elmoudjahid<br \/>\n<a href=\"http:\/\/www.elmoudjahid.com\/fr\/actualites\/135839\">Cliquez ici pour lire l&rsquo;article depuis sa source.<\/a><\/p>\n","protected":false},"excerpt":{"rendered":"<p>Le ministre de la Justice, garde des Sceaux, Slimane Brahimi, a re\u00e7u hier l&rsquo;ambassadeur de l&rsquo;Etat de Palestine, Loua\u00ef A\u00efssa qui lui a rendu une visite d&rsquo;adieu au terme de sa mission en Alg\u00e9rie.\u00a0\u00a0 L&rsquo;ambassadeur palestinien a inform\u00e9 le ministre des derniers d\u00e9veloppements de la question palestinienne, se f\u00e9licitant, \u00e0 cette occasion, des positions in\u00e9branlables [&hellip;]<\/p>\n","protected":false},"author":1744,"featured_media":0,"comment_status":"closed","ping_status":"closed","sticky":false,"template":"","format":"standard","meta":{"fifu_image_url":"","fifu_image_alt":"","footnotes":""},"categories":[73,53],"tags":[],"class_list":["post-27925","post","type-post","status-publish","format-standard","hentry","category-actualite","category-algerie"],"_links":{"self":[{"href":"https:\/\/linitiative.ca\/International\/wp-json\/wp\/v2\/posts\/27925","targetHints":{"allow":["GET"]}}],"collection":[{"href":"https:\/\/linitiative.ca\/International\/wp-json\/wp\/v2\/posts"}],"about":[{"href":"https:\/\/linitiative.ca\/International\/wp-json\/wp\/v2\/types\/post"}],"author":[{"embeddable":true,"href":"https:\/\/linitiative.ca\/International\/wp-json\/wp\/v2\/users\/1744"}],"replies":[{"embeddable":true,"href":"https:\/\/linitiative.ca\/International\/wp-json\/wp\/v2\/comments?post=27925"}],"version-history":[{"count":0,"href":"https:\/\/linitiative.ca\/International\/wp-json\/wp\/v2\/posts\/27925\/revisions"}],"wp:attachment":[{"href":"https:\/\/linitiative.ca\/International\/wp-json\/wp\/v2\/media?parent=27925"}],"wp:term":[{"taxonomy":"category","embeddable":true,"href":"https:\/\/linitiative.ca\/International\/wp-json\/wp\/v2\/categories?post=27925"},{"taxonomy":"post_tag","embeddable":true,"href":"https:\/\/linitiative.ca\/International\/wp-json\/wp\/v2\/tags?post=27925"}],"curies":[{"name":"wp","href":"https:\/\/api.w.org\/{rel}","templated":true}]}}