{"id":27927,"date":"2019-04-14T19:00:00","date_gmt":"2019-04-14T23:00:00","guid":{"rendered":"https:\/\/linitiative.ca\/International\/affectes-par-une-panne-en-europe-et-au-maghreb-facebook-et-ses-applications-inaccessibles\/"},"modified":"2019-04-14T19:00:00","modified_gmt":"2019-04-14T23:00:00","slug":"affectes-par-une-panne-en-europe-et-au-maghreb-facebook-et-ses-applications-inaccessibles","status":"publish","type":"post","link":"https:\/\/linitiative.ca\/International\/affectes-par-une-panne-en-europe-et-au-maghreb-facebook-et-ses-applications-inaccessibles\/","title":{"rendered":"Affect\u00e9s par une panne en Europe et au Maghreb   : Facebook et ses applications inaccessibles"},"content":{"rendered":"<p>La plate-forme Facebook et ses applications ont \u00e9t\u00e9 affect\u00e9es hier matin par une panne en Europe, en Asie et au\u00a0\u00a0 Maghreb, dont l&rsquo;Alg\u00e9rie, rapportent des agences de presse.\u00a0\u00a0 Outre Facebook et WattsApp, Instagram et Messenger \u00e9taient \u00e9galement inaccessibles, selon ces sources.\u00a0\u00a0 En Alg\u00e9rie, les services de Facebook ont \u00e9t\u00e9 r\u00e9tablis peu avant 14 h apr\u00e8s plus de trois heures de perturbation. Plusieurs internautes se sont tourn\u00e9s vers d&rsquo;autres r\u00e9seaux sociaux comme Twitter pour signaler le probl\u00e8me, qui n&rsquo;a pas fait r\u00e9agir Facebook. Pour rappel, Facebook a \u00e9t\u00e9 affect\u00e9 le 13 mars dernier par une panne mondiale, privant une partie de ses utilisateurs d&rsquo;acc\u00e9der, des heures durant, \u00e0 ce r\u00e9seau.<br \/>\u00a0<\/p>\n<p>Auteur: elmoudjahid<br \/>\n<a href=\"http:\/\/www.elmoudjahid.com\/fr\/actualites\/135841\">Cliquez ici pour lire l&rsquo;article depuis sa source.<\/a><\/p>\n","protected":false},"excerpt":{"rendered":"<p>La plate-forme Facebook et ses applications ont \u00e9t\u00e9 affect\u00e9es hier matin par une panne en Europe, en Asie et au\u00a0\u00a0 Maghreb, dont l&rsquo;Alg\u00e9rie, rapportent des agences de presse.\u00a0\u00a0 Outre Facebook et WattsApp, Instagram et Messenger \u00e9taient \u00e9galement inaccessibles, selon ces sources.\u00a0\u00a0 En Alg\u00e9rie, les services de Facebook ont \u00e9t\u00e9 r\u00e9tablis peu avant 14 h apr\u00e8s [&hellip;]<\/p>\n","protected":false},"author":1744,"featured_media":0,"comment_status":"closed","ping_status":"closed","sticky":false,"template":"","format":"standard","meta":{"fifu_image_url":"","fifu_image_alt":"","footnotes":""},"categories":[73,53],"tags":[],"class_list":["post-27927","post","type-post","status-publish","format-standard","hentry","category-actualite","category-algerie"],"_links":{"self":[{"href":"https:\/\/linitiative.ca\/International\/wp-json\/wp\/v2\/posts\/27927","targetHints":{"allow":["GET"]}}],"collection":[{"href":"https:\/\/linitiative.ca\/International\/wp-json\/wp\/v2\/posts"}],"about":[{"href":"https:\/\/linitiative.ca\/International\/wp-json\/wp\/v2\/types\/post"}],"author":[{"embeddable":true,"href":"https:\/\/linitiative.ca\/International\/wp-json\/wp\/v2\/users\/1744"}],"replies":[{"embeddable":true,"href":"https:\/\/linitiative.ca\/International\/wp-json\/wp\/v2\/comments?post=27927"}],"version-history":[{"count":0,"href":"https:\/\/linitiative.ca\/International\/wp-json\/wp\/v2\/posts\/27927\/revisions"}],"wp:attachment":[{"href":"https:\/\/linitiative.ca\/International\/wp-json\/wp\/v2\/media?parent=27927"}],"wp:term":[{"taxonomy":"category","embeddable":true,"href":"https:\/\/linitiative.ca\/International\/wp-json\/wp\/v2\/categories?post=27927"},{"taxonomy":"post_tag","embeddable":true,"href":"https:\/\/linitiative.ca\/International\/wp-json\/wp\/v2\/tags?post=27927"}],"curies":[{"name":"wp","href":"https:\/\/api.w.org\/{rel}","templated":true}]}}