{"id":27928,"date":"2019-04-14T19:00:00","date_gmt":"2019-04-14T23:00:00","guid":{"rendered":"https:\/\/linitiative.ca\/International\/vignette-automobile-acquittement-du-2-juin-au-31-juillet\/"},"modified":"2019-04-14T19:00:00","modified_gmt":"2019-04-14T23:00:00","slug":"vignette-automobile-acquittement-du-2-juin-au-31-juillet","status":"publish","type":"post","link":"https:\/\/linitiative.ca\/International\/vignette-automobile-acquittement-du-2-juin-au-31-juillet\/","title":{"rendered":"Vignette automobile  : Acquittement du 2 juin au 31 juillet"},"content":{"rendered":"<p>La p\u00e9riode d&rsquo;acquittement de la vignette automobile pour l&rsquo;ann\u00e9e 2019 a \u00e9t\u00e9 fix\u00e9e du 2 juin au 31 juillet prochain, au lieu du mois de mars, comme ce fut le cas les ann\u00e9es \u00e9coul\u00e9es, selon la Direction g\u00e9n\u00e9rale des imp\u00f4ts. Ce report intervient en application aux dispositions contenues dans une\u00a0\u00a0 d\u00e9cision du minist\u00e8re des Finances, publi\u00e9e au Journal officiel n\u00b019, a pr\u00e9cis\u00e9 la DGI sur son site web. \u00ab\u00a0Le d\u00e9lai de recouvrement de la vignette automobile pour 2019 est report\u00e9\u00a0\u00a0 et fix\u00e9 du dimanche 2 juin au mercredi 31 juillet \u00e0 16h00\u00a0\u00bb, a indiqu\u00e9 le minist\u00e8re des Finances dans sa d\u00e9cision.\u00a0\u00a0 Au cours des ann\u00e9es pass\u00e9es, les prix de la vignette \u00e9taient \u00e9tablis en fonction de la puissance de motorisation du v\u00e9hicule et de son anciennet\u00e9. En 2018, une fourchette de 500 DA \u00e0 3.000 DA est impos\u00e9e pour les v\u00e9hicules ayant plus de 10 ans d`\u00e2ge, de 1.000 DA \u00e0 4.000 DA pour ceux dont l\u2019\u00e2ge varie entre 6 et 10 ans et de 1.500 \u00e0 6.000 DA pour les 3 \u00e0 6 ans. Les v\u00e9hicules ayant moins de 3 ans sont impos\u00e9s d&rsquo;une vignette dont le prix oscille entre 2.000 et 10.000 DA. Les v\u00e9hicules \u00e0 immatriculation sp\u00e9ciale appartenant \u00e0 l&rsquo;Etat et aux collectivit\u00e9s locales (communes, da\u00efras, wilayas) et les v\u00e9hicules dont les propri\u00e9taires b\u00e9n\u00e9ficient de privil\u00e8ges diplomatiques ou consulaires, sont toutefois exempt\u00e9s de la vignette automobile. Cette exon\u00e9ration touche \u00e9galement les ambulances, les v\u00e9hicules \u00e9quip\u00e9s de mat\u00e9riels sanitaires, les v\u00e9hicules \u00e9quip\u00e9s de mat\u00e9riel de lutte anti-incendie, les v\u00e9hicules destin\u00e9s aux handicap\u00e9s et les v\u00e9hicules \u00e9quip\u00e9s d\u2019un\u00a0\u00a0 carburant GPL\/C. Les tracteurs et autres engins agricoles, les v\u00e9hicules de moins de 4 roues (motocyclettes, v\u00e9lomoteurs&#8230;), les engins de travaux publics ou encore les remorques ne sont pas concern\u00e9s par la vignette automobile.\u00a0\u00a0 Pour rappel, la vignette a \u00e9t\u00e9 instaur\u00e9e depuis 1998. Une part de 20% de ses recettes est vers\u00e9e au Tr\u00e9sor public et 80% au Fonds commun des collectivit\u00e9s locales.\u00a0<\/p>\n<p>Auteur: elmoudjahid<br \/>\n<a href=\"http:\/\/www.elmoudjahid.com\/fr\/actualites\/135842\">Cliquez ici pour lire l&rsquo;article depuis sa source.<\/a><\/p>\n","protected":false},"excerpt":{"rendered":"<p>La p\u00e9riode d&rsquo;acquittement de la vignette automobile pour l&rsquo;ann\u00e9e 2019 a \u00e9t\u00e9 fix\u00e9e du 2 juin au 31 juillet prochain, au lieu du mois de mars, comme ce fut le cas les ann\u00e9es \u00e9coul\u00e9es, selon la Direction g\u00e9n\u00e9rale des imp\u00f4ts. Ce report intervient en application aux dispositions contenues dans une\u00a0\u00a0 d\u00e9cision du minist\u00e8re des Finances, [&hellip;]<\/p>\n","protected":false},"author":1744,"featured_media":0,"comment_status":"closed","ping_status":"closed","sticky":false,"template":"","format":"standard","meta":{"fifu_image_url":"","fifu_image_alt":"","footnotes":""},"categories":[73,53],"tags":[],"class_list":["post-27928","post","type-post","status-publish","format-standard","hentry","category-actualite","category-algerie"],"_links":{"self":[{"href":"https:\/\/linitiative.ca\/International\/wp-json\/wp\/v2\/posts\/27928","targetHints":{"allow":["GET"]}}],"collection":[{"href":"https:\/\/linitiative.ca\/International\/wp-json\/wp\/v2\/posts"}],"about":[{"href":"https:\/\/linitiative.ca\/International\/wp-json\/wp\/v2\/types\/post"}],"author":[{"embeddable":true,"href":"https:\/\/linitiative.ca\/International\/wp-json\/wp\/v2\/users\/1744"}],"replies":[{"embeddable":true,"href":"https:\/\/linitiative.ca\/International\/wp-json\/wp\/v2\/comments?post=27928"}],"version-history":[{"count":0,"href":"https:\/\/linitiative.ca\/International\/wp-json\/wp\/v2\/posts\/27928\/revisions"}],"wp:attachment":[{"href":"https:\/\/linitiative.ca\/International\/wp-json\/wp\/v2\/media?parent=27928"}],"wp:term":[{"taxonomy":"category","embeddable":true,"href":"https:\/\/linitiative.ca\/International\/wp-json\/wp\/v2\/categories?post=27928"},{"taxonomy":"post_tag","embeddable":true,"href":"https:\/\/linitiative.ca\/International\/wp-json\/wp\/v2\/tags?post=27928"}],"curies":[{"name":"wp","href":"https:\/\/api.w.org\/{rel}","templated":true}]}}