{"id":27929,"date":"2019-04-14T19:00:00","date_gmt":"2019-04-14T23:00:00","guid":{"rendered":"https:\/\/linitiative.ca\/International\/libye-poursuite-des-combats-pres-de-tripoli\/"},"modified":"2019-04-14T19:00:00","modified_gmt":"2019-04-14T23:00:00","slug":"libye-poursuite-des-combats-pres-de-tripoli","status":"publish","type":"post","link":"https:\/\/linitiative.ca\/International\/libye-poursuite-des-combats-pres-de-tripoli\/","title":{"rendered":"Libye : Poursuite des combats pr\u00e8s de Tripoli"},"content":{"rendered":"<p>Alors qu\u2019aucune date n\u2019a encore \u00e9t\u00e9 fix\u00e9e ou du moins annonc\u00e9e pour la tenue de la r\u00e9union tripartite \u00e0 laquelle l\u2019Alg\u00e9rie a appel\u00e9 \u00ab sans d\u00e9lai \u00bb mercredi dernier, en vue d\u2019examiner les voies susceptibles d\u2019aider les Libyens \u00e0 d\u00e9passer la nouvelle crise, n\u00e9e de l\u2019offensive militaire lanc\u00e9e le 4 avril par le mar\u00e9chal Haftar sur Tripoli, les craintes de voir la situation devenir incontr\u00f4lable sont de plus en plus r\u00e9elles. Les combats violents qui opposent les forces du Gouvernement d&rsquo;union nationale (GNA), reconnu par la communaut\u00e9 internationale, aux hommes du mar\u00e9chal Haftar se poursuivent en d\u00e9pit des appels \u00e0 un cessez-le-feu. Et, comme si ces combats au sol ne suffisaient pas pour que la situation<br \/>dans laquelle se trouve le pays depuis la chute, en 2011, du r\u00e9gime Khadafi soit encore plus chaotique, les deux camps m\u00e8nent quotidiennement des raids a\u00e9riens. Les cons\u00e9quences ne se sont pas faites attendre. Depuis le d\u00e9but de l\u2019offensive au moins 121 personnes ont \u00e9t\u00e9 tu\u00e9es et 561 autres\u00a0 bless\u00e9es selon l\u2019Organisation mondiale de la sant\u00e9. Un bilan appel\u00e9 \u00e0 augmenter puisque les civils sont pris en \u00e9tau entre ceux qui veulent d\u00e9fendre Tripoli et ceux qui veulent s\u2019en accaparer. Le Bureau de la coordination des affaires humanitaires (Ocha) de l&rsquo;ONU a fait \u00e9tat de son c\u00f4t\u00e9 de 13.500 personnes d\u00e9plac\u00e9es par les combats, dont 900 ont \u00e9t\u00e9 h\u00e9berg\u00e9es dans des centres d&rsquo;accueil. Mais alors que la situation humanitaire tend \u00e0 se d\u00e9t\u00e9riorer, le mar\u00e9chal Haftar n\u2019entend pas renoncer \u00e0 la prise de la capitale. Pour le journaliste Cheikh Dieng, \u00ab Si Haftar a le courage de marcher sur Tripoli pour renverser un gouvernement reconnu par l\u2019ONU, c\u2019est qu\u2019il a obtenu le soutien de puissances \u00e9trang\u00e8res \u00bb. D\u00e8s lors, faut-il qualifier les appels qui lui ont \u00e9t\u00e9 adress\u00e9s en vue de cesser son offensive sur la capitale d\u2019 \u00ab hypocrites \u00bb et de \u00ab larmes de crocodiles \u00bb ? Ce qui est certain, c\u2019est qu\u2019il ne peut en aucun cas agir de son propre chef. Forc\u00e9ment il existe un ou plusieurs responsables de la d\u00e9gradation de la situation en Libye. En effet, il est difficile de croire que Haftar qui avait donn\u00e9 son accord pour participer \u00e0 la conf\u00e9rence nationale de Ghadam\u00e8s pr\u00e9vue du 14 au 16 avril, d\u00e9cide dix jours avant la date retenue, de marcher sur Tripoli. Il ne pouvait ignorer que son offensive allait forc\u00e9ment conduire au report de cette conf\u00e9rence qui devait se tenir sous l\u2019\u00e9gide de l\u2019\u00e9missaire onusien. D\u2019autant que cette conf\u00e9rence et les efforts d\u00e9ploy\u00e9s par l\u2019ONU repr\u00e9sentaient \u00ab la derni\u00e8re chance pour un r\u00e8glement pacifique du conflit en Libye \u00bb, selon Mohammed Issam Laaroussi, professeur en relations internationales cit\u00e9 par l\u2019agence Sputnik. Plus grave encore pour cet expert en dehors de cette voie, \u00ab la crise libyenne n&rsquo;aura que deux issues possibles : une impasse infinie ou un conflit militaire\u00bb. Ces sc\u00e9narios sont forc\u00e9ment connus par toutes les puissances mondiales et r\u00e9gionales ainsi que par les acteurs libyens eux-m\u00eames. Faut-il en d\u00e9duire que pour nombre d\u2019entre-eux les int\u00e9r\u00eats de la Libye passent apr\u00e8s les leurs ? Est-ce aussi pour cette raison que toutes les initiatives visant \u00e0 r\u00e9concilier les Libyens sont sabord\u00e9es ou avort\u00e9es<br \/>dans l\u2019\u0153uf? Lors de son entretien t\u00e9l\u00e9phonique avec son homologue libyen, M. Boukadoum, ministre des Affaires \u00e9trang\u00e8res, a fait part \u00e0 M. Siyala \u00ab de la grande pr\u00e9occupation de l\u2019Alg\u00e9rie face aux dangers qui guettent la Libye et toute la r\u00e9gion, du fait de la grave d\u00e9t\u00e9rioration de la situation s\u00e9curitaire dans ce pays fr\u00e8re \u00bb, r\u00e9it\u00e9rant l\u2019appel \u00e0 la retenue lanc\u00e9 par l\u2019Alg\u00e9rie \u00e0 toutes les parties libyennes, les exhortant \u00e0 \u00ab favoriser la voie du dialogue et de la r\u00e9conciliation \u00bb.<br \/><strong>Nadia K. et Agences<\/strong><br \/>\u00a0<\/p>\n<p>Auteur: elmoudjahid<br \/>\n<a href=\"http:\/\/www.elmoudjahid.com\/fr\/actualites\/135843\">Cliquez ici pour lire l&rsquo;article depuis sa source.<\/a><\/p>\n","protected":false},"excerpt":{"rendered":"<p>Alors qu\u2019aucune date n\u2019a encore \u00e9t\u00e9 fix\u00e9e ou du moins annonc\u00e9e pour la tenue de la r\u00e9union tripartite \u00e0 laquelle l\u2019Alg\u00e9rie a appel\u00e9 \u00ab sans d\u00e9lai \u00bb mercredi dernier, en vue d\u2019examiner les voies susceptibles d\u2019aider les Libyens \u00e0 d\u00e9passer la nouvelle crise, n\u00e9e de l\u2019offensive militaire lanc\u00e9e le 4 avril par le mar\u00e9chal Haftar [&hellip;]<\/p>\n","protected":false},"author":1744,"featured_media":0,"comment_status":"closed","ping_status":"closed","sticky":false,"template":"","format":"standard","meta":{"fifu_image_url":"","fifu_image_alt":"","footnotes":""},"categories":[73,53],"tags":[],"class_list":["post-27929","post","type-post","status-publish","format-standard","hentry","category-actualite","category-algerie"],"_links":{"self":[{"href":"https:\/\/linitiative.ca\/International\/wp-json\/wp\/v2\/posts\/27929","targetHints":{"allow":["GET"]}}],"collection":[{"href":"https:\/\/linitiative.ca\/International\/wp-json\/wp\/v2\/posts"}],"about":[{"href":"https:\/\/linitiative.ca\/International\/wp-json\/wp\/v2\/types\/post"}],"author":[{"embeddable":true,"href":"https:\/\/linitiative.ca\/International\/wp-json\/wp\/v2\/users\/1744"}],"replies":[{"embeddable":true,"href":"https:\/\/linitiative.ca\/International\/wp-json\/wp\/v2\/comments?post=27929"}],"version-history":[{"count":0,"href":"https:\/\/linitiative.ca\/International\/wp-json\/wp\/v2\/posts\/27929\/revisions"}],"wp:attachment":[{"href":"https:\/\/linitiative.ca\/International\/wp-json\/wp\/v2\/media?parent=27929"}],"wp:term":[{"taxonomy":"category","embeddable":true,"href":"https:\/\/linitiative.ca\/International\/wp-json\/wp\/v2\/categories?post=27929"},{"taxonomy":"post_tag","embeddable":true,"href":"https:\/\/linitiative.ca\/International\/wp-json\/wp\/v2\/tags?post=27929"}],"curies":[{"name":"wp","href":"https:\/\/api.w.org\/{rel}","templated":true}]}}