{"id":27930,"date":"2019-04-14T19:00:00","date_gmt":"2019-04-14T23:00:00","guid":{"rendered":"https:\/\/linitiative.ca\/International\/soudan-al-burhane-promet-la-rupture-avec-le-regime-bechir\/"},"modified":"2019-04-14T19:00:00","modified_gmt":"2019-04-14T23:00:00","slug":"soudan-al-burhane-promet-la-rupture-avec-le-regime-bechir","status":"publish","type":"post","link":"https:\/\/linitiative.ca\/International\/soudan-al-burhane-promet-la-rupture-avec-le-regime-bechir\/","title":{"rendered":"Soudan :  Al-Burhane promet la rupture avec le r\u00e9gime B\u00e9chir"},"content":{"rendered":"<p>Le nouvel homme fort du Soudan a promis d'\u00a0\u00bb\u00e9liminer les racines\u00a0\u00bb du r\u00e9gime d&rsquo;Omar el-B\u00e9chir et annonc\u00e9 une s\u00e9rie de mesures en guise de concessions aux manifestants, alors qu&rsquo;il est press\u00e9 de passer la main au plus vite \u00e0 un pouvoir civil. Abdel Fattah al-Burhane, nomm\u00e9 vendredi \u00e0 la t\u00eate du Conseil militaire charg\u00e9 de la transition au lendemain du renversement du pr\u00e9sident B\u00e9chir, s&rsquo;est engag\u00e9 samedi \u00e0 \u00ab\u00a0lutter contre la corruption et d&rsquo;\u00e9liminer les racines\u00a0\u00bb du r\u00e9gime dans un discours \u00e0 la nation retransmis sur la t\u00e9l\u00e9vision d&rsquo;Etat. Il a annonc\u00e9 la lev\u00e9e du couvre-feu &#8211;impos\u00e9 jeudi de 20H00 GMT \u00e0 02H00 GMT&#8211;, la lib\u00e9ration de tous les manifestants arr\u00eat\u00e9s ces derni\u00e8res semaines et s&rsquo;est \u00e9galement engag\u00e9 \u00e0 faire juger les personnes ayant tu\u00e9 des protestataires.<br \/>Jeudi, peu apr\u00e8s l&rsquo;annonce de la destitution d&rsquo;Omar el-B\u00e9chir, le NISS (services de renseignements) avait annonc\u00e9 la lib\u00e9ration de \u00ab\u00a0tous les prisonniers politiques\u00a0\u00bb du pays. Le g\u00e9n\u00e9ral Burhane entend visiblement montrer qu&rsquo;il ne fait pas partie de la vieille garde et qu&rsquo;il veut mener des r\u00e9formes. Hier, les manifestants soudanais maintiennent la pression pour une passation rapide du pouvoir \u00e0 un gouvernement civil. Des milliers de manifestants campent depuis le 6 avril devant le QG de l&rsquo;arm\u00e9e \u00e0 Khartoum et maintiennent la pression sur le conseil militaire de transition.<br \/>\u00a0Parmi les demandes pr\u00e9sent\u00e9es aux militaires par une d\u00e9l\u00e9gation de dix repr\u00e9sentants des protestataires figure la restructuration du puissant service de renseignement soudanais (NISS), qui a men\u00e9 ces quatre derniers mois la r\u00e9pression de la contestation, qui a fait des dizaines de morts.<br \/>R. I.<\/p>\n<p>Auteur: elmoudjahid<br \/>\n<a href=\"http:\/\/www.elmoudjahid.com\/fr\/actualites\/135844\">Cliquez ici pour lire l&rsquo;article depuis sa source.<\/a><\/p>\n","protected":false},"excerpt":{"rendered":"<p>Le nouvel homme fort du Soudan a promis d&rsquo;\u00a0\u00bb\u00e9liminer les racines\u00a0\u00bb du r\u00e9gime d&rsquo;Omar el-B\u00e9chir et annonc\u00e9 une s\u00e9rie de mesures en guise de concessions aux manifestants, alors qu&rsquo;il est press\u00e9 de passer la main au plus vite \u00e0 un pouvoir civil. Abdel Fattah al-Burhane, nomm\u00e9 vendredi \u00e0 la t\u00eate du Conseil militaire charg\u00e9 de [&hellip;]<\/p>\n","protected":false},"author":1744,"featured_media":0,"comment_status":"closed","ping_status":"closed","sticky":false,"template":"","format":"standard","meta":{"fifu_image_url":"","fifu_image_alt":"","footnotes":""},"categories":[73,53],"tags":[],"class_list":["post-27930","post","type-post","status-publish","format-standard","hentry","category-actualite","category-algerie"],"_links":{"self":[{"href":"https:\/\/linitiative.ca\/International\/wp-json\/wp\/v2\/posts\/27930","targetHints":{"allow":["GET"]}}],"collection":[{"href":"https:\/\/linitiative.ca\/International\/wp-json\/wp\/v2\/posts"}],"about":[{"href":"https:\/\/linitiative.ca\/International\/wp-json\/wp\/v2\/types\/post"}],"author":[{"embeddable":true,"href":"https:\/\/linitiative.ca\/International\/wp-json\/wp\/v2\/users\/1744"}],"replies":[{"embeddable":true,"href":"https:\/\/linitiative.ca\/International\/wp-json\/wp\/v2\/comments?post=27930"}],"version-history":[{"count":0,"href":"https:\/\/linitiative.ca\/International\/wp-json\/wp\/v2\/posts\/27930\/revisions"}],"wp:attachment":[{"href":"https:\/\/linitiative.ca\/International\/wp-json\/wp\/v2\/media?parent=27930"}],"wp:term":[{"taxonomy":"category","embeddable":true,"href":"https:\/\/linitiative.ca\/International\/wp-json\/wp\/v2\/categories?post=27930"},{"taxonomy":"post_tag","embeddable":true,"href":"https:\/\/linitiative.ca\/International\/wp-json\/wp\/v2\/tags?post=27930"}],"curies":[{"name":"wp","href":"https:\/\/api.w.org\/{rel}","templated":true}]}}