{"id":27931,"date":"2019-04-14T19:00:00","date_gmt":"2019-04-14T23:00:00","guid":{"rendered":"https:\/\/linitiative.ca\/International\/grand-angle-une-question-de-temps\/"},"modified":"2019-04-14T19:00:00","modified_gmt":"2019-04-14T23:00:00","slug":"grand-angle-une-question-de-temps","status":"publish","type":"post","link":"https:\/\/linitiative.ca\/International\/grand-angle-une-question-de-temps\/","title":{"rendered":"Grand angle  : Une question de Temps ?"},"content":{"rendered":"<p>Malgr\u00e9 les pourparlers underground avec les Am\u00e9ricains pour l\u2019entame d\u2019un processus de paix en Afghanistan, les Talibans ne renoncent pas au rituel printanier de lancer leur offensive militaire annuelle. La saison de la vie et des \u00e9closions c\u2019est aussi la \u00ab\u00a0saison des combats\u00a0\u00bb pour les Talibans. L&rsquo;op\u00e9ration Al-Fath, vise \u00e0 \u00ab\u00a0\u00e9radiquer l&rsquo;occupation\u00a0\u00bb et \u00ab\u00a0nettoyer notre patrie musulmane de l&rsquo;invasion et de la corruption\u00a0\u00bb, a indiqu\u00e9 le porte-parole des Talibans, Zabihullah Mujahid, dans un communiqu\u00e9. Une fa\u00e7on pour les insurg\u00e9s de maintenir la pression et d\u2019essayer d\u2019isoler de plus en plus le gouvernement d\u2019Ashraf Ghani des n\u00e9gociations en cours avec les Etats-Unis, qu&rsquo;ils doivent rencontrer la semaine prochaine. Les Etats-Unis, qui cherchent \u00e0 s&rsquo;extraire d&rsquo;Afghanistan, la plus longue guerre de leur histoire, ont entam\u00e9 \u00e0 l&rsquo;\u00e9t\u00e9 2018 des pourparlers avec les rebelles pour tenter de mettre un terme au conflit arm\u00e9. La derni\u00e8re session de discussions bilat\u00e9rales s&rsquo;est achev\u00e9e en mars au Qatar. Des membres de l&rsquo;opposition au pr\u00e9sident Ashraf Ghani ont \u00e9galement rencontr\u00e9 les Talibans en f\u00e9vrier \u00e0 Moscou. Et pour la premi\u00e8re fois, du 19 au 21 avril \u00e0 Doha, une d\u00e9l\u00e9gation du gouvernement afghan doit rencontrer des repr\u00e9sentants talibans, a fait savoir jeudi dernier la pr\u00e9sidence afghane. Les rebelles, qui ont jusqu&rsquo;alors toujours refus\u00e9 de discuter avec les autorit\u00e9s de Kaboul, qu&rsquo;ils qualifient de \u00ab\u00a0marionnettes\u00a0\u00bb de Washington, n&rsquo;ont pas confirm\u00e9 cette date. Ils nient \u00e9galement tout caract\u00e8re officiel \u00e0 cette rencontre, insistant sur \u00ab\u00a0un \u00e9change de points de vue\u00a0\u00bb et sur le fait que \u00ab\u00a0toute personne faisant partie de l&rsquo;administration de Kaboul (&#8230;) ne participera qu&rsquo;\u00e0 titre personnel\u00a0\u00bb. Pour les Talibans, Washington restera l\u2019unique interlocuteur, faisant ainsi comprendre que l\u2019occupant doit se retirer avant toute entame d\u2019une longue marche vers l\u2019apaisement. Pour eux, la pr\u00e9sence du gouvernement de Kaboul est une \u00a0\u00bb affaire interne\u00a0\u00bb, qui ne rel\u00e8vera que d\u2019une \u00ab\u00a0simple question de temps\u00a0\u00bb.\u00a0\u00a0\u00a0\u00a0\u00a0\u00a0\u00a0\u00a0\u00a0\u00a0\u00a0\u00a0\u00a0\u00a0\u00a0\u00a0\u00a0\u00a0\u00a0\u00a0\u00a0\u00a0\u00a0\u00a0\u00a0 \u00a0<br \/><strong>M. T.<\/strong><\/p>\n<p>Auteur: elmoudjahid<br \/>\n<a href=\"http:\/\/www.elmoudjahid.com\/fr\/actualites\/135845\">Cliquez ici pour lire l&rsquo;article depuis sa source.<\/a><\/p>\n","protected":false},"excerpt":{"rendered":"<p>Malgr\u00e9 les pourparlers underground avec les Am\u00e9ricains pour l\u2019entame d\u2019un processus de paix en Afghanistan, les Talibans ne renoncent pas au rituel printanier de lancer leur offensive militaire annuelle. La saison de la vie et des \u00e9closions c\u2019est aussi la \u00ab\u00a0saison des combats\u00a0\u00bb pour les Talibans. L&rsquo;op\u00e9ration Al-Fath, vise \u00e0 \u00ab\u00a0\u00e9radiquer l&rsquo;occupation\u00a0\u00bb et \u00ab\u00a0nettoyer notre [&hellip;]<\/p>\n","protected":false},"author":1744,"featured_media":0,"comment_status":"closed","ping_status":"closed","sticky":false,"template":"","format":"standard","meta":{"fifu_image_url":"","fifu_image_alt":"","footnotes":""},"categories":[73,53],"tags":[],"class_list":["post-27931","post","type-post","status-publish","format-standard","hentry","category-actualite","category-algerie"],"_links":{"self":[{"href":"https:\/\/linitiative.ca\/International\/wp-json\/wp\/v2\/posts\/27931","targetHints":{"allow":["GET"]}}],"collection":[{"href":"https:\/\/linitiative.ca\/International\/wp-json\/wp\/v2\/posts"}],"about":[{"href":"https:\/\/linitiative.ca\/International\/wp-json\/wp\/v2\/types\/post"}],"author":[{"embeddable":true,"href":"https:\/\/linitiative.ca\/International\/wp-json\/wp\/v2\/users\/1744"}],"replies":[{"embeddable":true,"href":"https:\/\/linitiative.ca\/International\/wp-json\/wp\/v2\/comments?post=27931"}],"version-history":[{"count":0,"href":"https:\/\/linitiative.ca\/International\/wp-json\/wp\/v2\/posts\/27931\/revisions"}],"wp:attachment":[{"href":"https:\/\/linitiative.ca\/International\/wp-json\/wp\/v2\/media?parent=27931"}],"wp:term":[{"taxonomy":"category","embeddable":true,"href":"https:\/\/linitiative.ca\/International\/wp-json\/wp\/v2\/categories?post=27931"},{"taxonomy":"post_tag","embeddable":true,"href":"https:\/\/linitiative.ca\/International\/wp-json\/wp\/v2\/tags?post=27931"}],"curies":[{"name":"wp","href":"https:\/\/api.w.org\/{rel}","templated":true}]}}