{"id":27932,"date":"2019-04-15T07:47:23","date_gmt":"2019-04-15T11:47:23","guid":{"rendered":"https:\/\/linitiative.ca\/International\/88088-coupe-d-algerie-demi-finales-retour-report-du-match-crb-csc-au-24-avril\/"},"modified":"2019-04-15T07:47:23","modified_gmt":"2019-04-15T11:47:23","slug":"88088-coupe-d-algerie-demi-finales-retour-report-du-match-crb-csc-au-24-avril","status":"publish","type":"post","link":"https:\/\/linitiative.ca\/International\/88088-coupe-d-algerie-demi-finales-retour-report-du-match-crb-csc-au-24-avril\/","title":{"rendered":"Coupe d&rsquo;Alg\u00e9rie (demi-finales\/retour): report du match CRB-CSC au 24 avril"},"content":{"rendered":"<div>\n<div class=\"K2FeedImage\"><img decoding=\"async\" src=\"http:\/\/www.aps.dz\/media\/k2\/items\/cache\/e535cbd93f4d8afd625028011143040b_S.jpg\" alt=\"Coupe d'Alg\u00e9rie (demi-finales\/retour): report du match CRB-CSC au 24 avril\"><\/div>\n<div class=\"K2FeedIntroText\">\n<p><strong>ALGER &#8211; La rencontre opposant le CRB Belouizdad au CS Constantine, pr\u00e9vue initialement le mardi 23 avril, pour le compte de la demi-finale retour de la Coupe d&rsquo;Alg\u00e9rie, a \u00e9t\u00e9 report\u00e9e au mercredi 24 du m\u00eame mois, \u00e0 17h00, au stade du 20 ao\u00fbt 1955 (Alger), a annonc\u00e9 la F\u00e9d\u00e9ration alg\u00e9rienne de football (FAF), lundi, sur son site web.<\/strong><\/p>\n<\/div>\n<div class=\"K2FeedFullText\">\n<p>L&rsquo;autre demi-finale retour, entre la JSM Bejaia et l&rsquo;ES S\u00e9tif, aura lieu le mardi 23 avril.<\/p>\n<p>\u00a0<\/p>\n<p><strong>Programme de la Coupe d&rsquo;Alg\u00e9rie:<\/strong><\/p>\n<p>\u00a0<\/p>\n<p><strong>Aller:<\/strong><\/p>\n<p><strong>Mardi 16 avril 2019:<\/strong><\/p>\n<p>S\u00e9tif (8-Mai 1945) : ES S\u00e9tif &#8211; JSM B\u00e9ja\u00efa (17h00)<\/p>\n<p>\u00a0<\/p>\n<p><strong>Mercredi 17 avril 2019:<\/strong><\/p>\n<p>Constantine (Chahid-Hamlaoui) : CS Constantine &#8211; CR Belouizdad (17h45)<\/p>\n<p>\u00a0<\/p>\n<p><strong>Retour<\/strong><\/p>\n<p><strong>Mardi 23 avril 2019:<\/strong><\/p>\n<p>B\u00e9ja\u00efa (Unit\u00e9 maghr\u00e9bine) : JSM B\u00e9ja\u00efa &#8211; ES S\u00e9tif\u00a0\u00a0\u00a0\u00a0\u00a0\u00a0\u00a0\u00a0\u00a0\u00a0 (17h00)<\/p>\n<p>\u00a0<\/p>\n<p><strong>Mercredi 24 avril 2019:<\/strong><\/p>\n<p>Alger\u00a0 (20 ao\u00fbt 1955) : CR Belouizdad &#8211; CS Constantine (17h00).<\/p>\n<\/div>\n<p><img loading=\"lazy\" decoding=\"async\" src=\"http:\/\/feeds.feedburner.com\/~r\/aps-sport\/~4\/EwY7h3E_uXE\" height=\"1\" width=\"1\" alt=\"\"><\/div>\n<p>Auteur:<br \/>\n<a href=\"http:\/\/www.aps.dz\/sport\/88088-coupe-d-algerie-demi-finales-retour-report-du-match-crb-csc-au-24-avril?utm_source=feedburner&#038;utm_medium=feed&#038;utm_campaign=Feed%3A+aps-sport+%28APS+-+SPORT%29\">Cliquez ici pour lire l&rsquo;article depuis sa source.<\/a><\/p>\n","protected":false},"excerpt":{"rendered":"<p>ALGER &#8211; La rencontre opposant le CRB Belouizdad au CS Constantine, pr\u00e9vue initialement le mardi 23 avril, pour le compte de la demi-finale retour de la Coupe d&rsquo;Alg\u00e9rie, a \u00e9t\u00e9 report\u00e9e au mercredi 24 du m\u00eame mois, \u00e0 17h00, au stade du 20 ao\u00fbt 1955 (Alger), a annonc\u00e9 la F\u00e9d\u00e9ration alg\u00e9rienne de football (FAF), lundi, [&hellip;]<\/p>\n","protected":false},"author":1790,"featured_media":27933,"comment_status":"closed","ping_status":"closed","sticky":false,"template":"","format":"standard","meta":{"fifu_image_url":"","fifu_image_alt":"","footnotes":""},"categories":[53,75],"tags":[],"class_list":["post-27932","post","type-post","status-publish","format-standard","has-post-thumbnail","hentry","category-algerie","category-sport"],"_links":{"self":[{"href":"https:\/\/linitiative.ca\/International\/wp-json\/wp\/v2\/posts\/27932","targetHints":{"allow":["GET"]}}],"collection":[{"href":"https:\/\/linitiative.ca\/International\/wp-json\/wp\/v2\/posts"}],"about":[{"href":"https:\/\/linitiative.ca\/International\/wp-json\/wp\/v2\/types\/post"}],"author":[{"embeddable":true,"href":"https:\/\/linitiative.ca\/International\/wp-json\/wp\/v2\/users\/1790"}],"replies":[{"embeddable":true,"href":"https:\/\/linitiative.ca\/International\/wp-json\/wp\/v2\/comments?post=27932"}],"version-history":[{"count":0,"href":"https:\/\/linitiative.ca\/International\/wp-json\/wp\/v2\/posts\/27932\/revisions"}],"wp:featuredmedia":[{"embeddable":true,"href":"https:\/\/linitiative.ca\/International\/wp-json\/"}],"wp:attachment":[{"href":"https:\/\/linitiative.ca\/International\/wp-json\/wp\/v2\/media?parent=27932"}],"wp:term":[{"taxonomy":"category","embeddable":true,"href":"https:\/\/linitiative.ca\/International\/wp-json\/wp\/v2\/categories?post=27932"},{"taxonomy":"post_tag","embeddable":true,"href":"https:\/\/linitiative.ca\/International\/wp-json\/wp\/v2\/tags?post=27932"}],"curies":[{"name":"wp","href":"https:\/\/api.w.org\/{rel}","templated":true}]}}