{"id":27942,"date":"2019-04-15T13:22:00","date_gmt":"2019-04-15T17:22:00","guid":{"rendered":"https:\/\/linitiative.ca\/International\/le-vent-du-hirak-sonne-a-fornaka-des-centaines-de-citoyens-assiegent-la-mairie\/"},"modified":"2019-04-15T13:22:00","modified_gmt":"2019-04-15T17:22:00","slug":"le-vent-du-hirak-sonne-a-fornaka-des-centaines-de-citoyens-assiegent-la-mairie","status":"publish","type":"post","link":"https:\/\/linitiative.ca\/International\/le-vent-du-hirak-sonne-a-fornaka-des-centaines-de-citoyens-assiegent-la-mairie\/","title":{"rendered":"LE VENT DU \u2018\u2019HIRAK\u2019\u2019 SONNE A FORNAKA : Des centaines de citoyens assi\u00e8gent la mairie"},"content":{"rendered":"<p><br id=\"sep_para_1\" class=\"sep_para access\"\/><\/p>\n<div id=\"para_1\" class=\"para_30422623 resize\">\n<div class=\"texte access firstletter\">Pour rappel, au lendemain des derni\u00e8res\u00a0 \u00e9lections communales, l\u2019APC de Fornaka a connu une rare effervescence qui a longuement d\u00e9fray\u00e9 la chronique. La d\u00e9signation et la mise en place du bureau ex\u00e9cutif avait tra\u00een\u00e9 en longueur. Beaucoup de citoyens avaient vu alors en cet accouchement difficile\u00a0 un bon signe et un jour nouveau, croyant\u00a0 na\u00efvement que la cause \u00e9tait li\u00e9e au lourd processus de mise en ad\u00e9quation des comp\u00e9tences disponibles avec la sensibilit\u00e9 de la mission et les exigences des\u00a0 postes de responsabilit\u00e9. Quelques temps plus tard, ces m\u00eames citoyens\u00a0 ont d\u00e9couvert \u00e0 leurs d\u00e9pens\u00a0 les v\u00e9ritables raisons qui retardaient la naissance du bureau ex\u00e9cutif de leur commune. Ils disent ouvertement aujourd\u2019hui que c\u2019\u00e9tait \u00e0 cause de \u00ab consid\u00e9rations bassement mat\u00e9rielles\u00bb. Ce qui est, en revanche, nettement\u00a0 s\u00fbr c\u2019est que l\u2019APC actuelle n\u2019a pas d\u00e9rog\u00e9 \u00e0 la r\u00e8gle qui a toujours pr\u00e9valu dans cette commune : la gestion de la commune \u00e0 huis-clos, loin de tout regard des citoyens. L\u2019on n\u2019a ainsi jamais jug\u00e9 utile d\u2019afficher l\u2019ordre du jour et les d\u00e9lib\u00e9rations des r\u00e9unions de l\u2019Assembl\u00e9e. Pour donner\u00a0 une id\u00e9e sur le climat d\u2019opacit\u00e9 qui y r\u00e8gne, le\u00a0 journal \u00ab R\u00e9flexion \u00bb a longuement\u00a0 tent\u00e9 d\u2019avoir un regard sur les d\u00e9lib\u00e9rations de cette commune. En vain. Il en est de m\u00eame en ce qui concerne le\u00a0 bilan d\u2019activit\u00e9 annuel qui ne semble point avoir \u00e9t\u00e9 \u00e9tabli. Sollicit\u00e9s \u00e0 ce propos, les \u00e9lus se sont \u00ab poliment \u00bb d\u00e9rob\u00e9s. En mati\u00e8re de plan de d\u00e9veloppement et pour l\u2019illustration, alors que le mandat actuel fr\u00f4le les deux ans, les citoyens constatent stup\u00e9faits\u00a0 qu\u2019un projet aussi d\u00e9risoire\u00a0 que celui de l\u2019am\u00e9nagement du jardin public de la commune n\u2019arrive pas encore \u00e0 voir le jour. Maintenant pour\u00a0 revenir au probl\u00e8me r\u00e9current des odeurs de la zone d\u2019activit\u00e9,\u00a0 \u00e0 l\u2019APC, les \u00e9lus donnent l\u2019impression d\u2019\u00eatre d\u00e9sarm\u00e9s face \u00e0 ce probl\u00e8me. Ils disent s\u2019en remettre \u00e0 l\u2019administration. Quand \u00e0 l\u2019emploi, les protestataires r\u00e9clament\u00a0 de se faire\u00a0 recruter au sein\u00a0 de la zone industrielle o\u00f9 plus d\u2019une vingtaine d\u2019unit\u00e9s industrielles tournent \u00e0 plein r\u00e9gime. D\u2019autres probl\u00e8mes\u00a0 ont \u00e9t\u00e9 \u00e9galement soulev\u00e9s\u00a0 dont l\u2019alimentation en eau potable des zones rurales, qui reste si insuffisante surtout en \u00e9t\u00e9, l\u2019assainissement en milieu rural.<\/div>\n<\/div>\n<p>Auteur: Aicha Mokhtar<br \/>\n<a href=\"https:\/\/www.reflexiondz.net\/LE-VENT-DU-HIRAK-SONNE-A-FORNAKA-Des-centaines-de-citoyens-assiegent-la-mairie_a55400.html\">Cliquez ici pour lire l&rsquo;article depuis sa source.<\/a><\/p>\n","protected":false},"excerpt":{"rendered":"<p>Pour rappel, au lendemain des derni\u00e8res\u00a0 \u00e9lections communales, l\u2019APC de Fornaka a connu une rare effervescence qui a longuement d\u00e9fray\u00e9 la chronique. La d\u00e9signation et la mise en place du bureau ex\u00e9cutif avait tra\u00een\u00e9 en longueur. Beaucoup de citoyens avaient vu alors en cet accouchement difficile\u00a0 un bon signe et un jour nouveau, croyant\u00a0 na\u00efvement [&hellip;]<\/p>\n","protected":false},"author":1740,"featured_media":0,"comment_status":"closed","ping_status":"closed","sticky":false,"template":"","format":"standard","meta":{"fifu_image_url":"","fifu_image_alt":"","footnotes":""},"categories":[53,76],"tags":[],"class_list":["post-27942","post","type-post","status-publish","format-standard","hentry","category-algerie","category-regions"],"_links":{"self":[{"href":"https:\/\/linitiative.ca\/International\/wp-json\/wp\/v2\/posts\/27942","targetHints":{"allow":["GET"]}}],"collection":[{"href":"https:\/\/linitiative.ca\/International\/wp-json\/wp\/v2\/posts"}],"about":[{"href":"https:\/\/linitiative.ca\/International\/wp-json\/wp\/v2\/types\/post"}],"author":[{"embeddable":true,"href":"https:\/\/linitiative.ca\/International\/wp-json\/wp\/v2\/users\/1740"}],"replies":[{"embeddable":true,"href":"https:\/\/linitiative.ca\/International\/wp-json\/wp\/v2\/comments?post=27942"}],"version-history":[{"count":0,"href":"https:\/\/linitiative.ca\/International\/wp-json\/wp\/v2\/posts\/27942\/revisions"}],"wp:attachment":[{"href":"https:\/\/linitiative.ca\/International\/wp-json\/wp\/v2\/media?parent=27942"}],"wp:term":[{"taxonomy":"category","embeddable":true,"href":"https:\/\/linitiative.ca\/International\/wp-json\/wp\/v2\/categories?post=27942"},{"taxonomy":"post_tag","embeddable":true,"href":"https:\/\/linitiative.ca\/International\/wp-json\/wp\/v2\/tags?post=27942"}],"curies":[{"name":"wp","href":"https:\/\/api.w.org\/{rel}","templated":true}]}}