{"id":27956,"date":"2019-04-15T05:00:59","date_gmt":"2019-04-15T09:00:59","guid":{"rendered":"https:\/\/linitiative.ca\/International\/ain-el-hammam-le-nouvel-hopital-en-chantier\/"},"modified":"2019-04-15T05:00:59","modified_gmt":"2019-04-15T09:00:59","slug":"ain-el-hammam-le-nouvel-hopital-en-chantier","status":"publish","type":"post","link":"https:\/\/linitiative.ca\/International\/ain-el-hammam-le-nouvel-hopital-en-chantier\/","title":{"rendered":"A\u00efn El Hammam :\u00a0Le nouvel h\u00f4pital en chantier"},"content":{"rendered":"<h4 class=\"title-14\"\/>\n<p class=\"p4\"><span class=\"s1\"><strong>L<\/strong><\/span><span class=\"s2\">es travaux de r\u00e9alisation du<span class=\"Apple-converted-space\">\u00a0<\/span> nouvel h\u00f4pital de A\u00efn El Hammam,<span class=\"Apple-converted-space\">\u00a0<\/span> \u00e0 cinquante kilom\u00e8tres au sud-est de Tizi Ouzou, lanc\u00e9s en grande pompe par le ministre de la Sant\u00e9 du gouvernement pr\u00e9c\u00e9dent, qui en a pos\u00e9 la premi\u00e8re pierre il y a plus de deux mois, se d\u00e9roulent au ralenti.<\/span><\/p>\n<p class=\"p4\"><span class=\"s2\">Pour l\u2019heure, le terrain d\u2019assiette, cl\u00f4tur\u00e9 pour en interdire l\u2019acc\u00e8s, demeure en friche, sans aucune trace d\u2019engins de travaux publics devant proc\u00e9der aux travaux de terrassement sur ces terrains abrupts. En face, au bord de la route menant de la ville vers Akbil,<span class=\"Apple-converted-space\">\u00a0<\/span> quelques ouvriers s\u2019affairent \u00e0 la construction d\u2019une base de vie.<\/span><\/p>\n<p class=\"p4\"><span class=\"s2\">La nouvelle structure hospitali\u00e8re de 60 lits, dont les habitants souhaitent l\u2019inauguration dans un d\u00e9lai de 24 mois, comme promis par l\u2019ex ministre de la Sant\u00e9, devra couvrir plusieurs communes. Vu la cadence des travaux,<span class=\"Apple-converted-space\">\u00a0<\/span> il sera difficile \u00e0 l\u2019entreprise r\u00e9alisatrice de livrer l\u2019h\u00f4pital dans les d\u00e9lais requis, surtout que la configuration du terrain n\u00e9cessitera des murs de sout\u00e8nement.\u00a0<\/span><\/p>\n<div class=\"yuzo_related_post style-1\" data-version=\"5.12.88\">\n<p><h3>Related Post<\/h3>\n<\/p>\n<div class=\"yuzo_wraps\">\n<div class=\"relatedthumb relatedpost-546108 c11\"><a href=\"https:\/\/www.elwatan.com\/edition\/economie\/le-baril-a-70-dollars-en-2019-selon-le-ministre-de-lenergie-emirati-13-01-2019\"\/><\/p>\n<p><span class=\"yuzo__text--title c10\">Le baril \u00e0 70 dollars en 2019, selon le ministre d&#8230;<\/span><\/div>\n<div class=\"relatedthumb relatedpost-498310 c11\"><a href=\"https:\/\/www.elwatan.com\/edition\/actualite\/sortie-de-abdelkader-hadjar-et-declarations-racistes-de-lislamiste-naima-salhi-le-depute-braham-bennadji-interpelle-messahel-et-bedoui-08-01-2019\"\/><\/p>\n<p><span class=\"yuzo__text--title c10\">Sortie de Abdelkader Hadjar et d\u00e9clarations racist&#8230;<\/span><\/div>\n<div class=\"relatedthumb relatedpost-148026 c11\"><a href=\"https:\/\/www.elwatan.com\/edition\/actualite\/canicule-au-sud-rentree-scolaire-difficile-07-09-2018\"\/><\/p>\n<p><span class=\"yuzo__text--title c10\">Canicule au Sud : Rentr\u00e9e scolaire difficile<\/span><\/div>\n<div class=\"relatedthumb relatedpost-140942 c11\"><a href=\"https:\/\/www.elwatan.com\/pages-hebdo\/etudiant\/lentrepreneuriat-sous-toutes-les-coutures-25-07-2018\"\/><\/p>\n<p><span class=\"yuzo__text--title c10\">L\u2019entrepreneuriat sous toutes les\u00a0coutures<\/span><\/div>\n<\/div>\n<\/div>\n<p><span class=\"post-views-label\">Post Views:<\/span> <span class=\"post-views-count\">232<\/span><\/p>\n<p>Auteur: Anis Khecheba<br \/>\n<a href=\"https:\/\/www.elwatan.com\/regions\/kabylie\/tizi-ouzou\/ain-el-hammam-le-nouvel-hopital-en-chantier-15-04-2019\">Cliquez ici pour lire l&rsquo;article depuis sa source.<\/a><\/p>\n","protected":false},"excerpt":{"rendered":"<p>Les travaux de r\u00e9alisation du\u00a0 nouvel h\u00f4pital de A\u00efn El Hammam,\u00a0 \u00e0 cinquante kilom\u00e8tres au sud-est de Tizi Ouzou, lanc\u00e9s en grande pompe par le ministre de la Sant\u00e9 du gouvernement pr\u00e9c\u00e9dent, qui en a pos\u00e9 la premi\u00e8re pierre il y a plus de deux mois, se d\u00e9roulent au ralenti. Pour l\u2019heure, le terrain d\u2019assiette, [&hellip;]<\/p>\n","protected":false},"author":1743,"featured_media":0,"comment_status":"closed","ping_status":"closed","sticky":false,"template":"","format":"standard","meta":{"fifu_image_url":"","fifu_image_alt":"","footnotes":""},"categories":[73,53],"tags":[],"class_list":["post-27956","post","type-post","status-publish","format-standard","hentry","category-actualite","category-algerie"],"_links":{"self":[{"href":"https:\/\/linitiative.ca\/International\/wp-json\/wp\/v2\/posts\/27956","targetHints":{"allow":["GET"]}}],"collection":[{"href":"https:\/\/linitiative.ca\/International\/wp-json\/wp\/v2\/posts"}],"about":[{"href":"https:\/\/linitiative.ca\/International\/wp-json\/wp\/v2\/types\/post"}],"author":[{"embeddable":true,"href":"https:\/\/linitiative.ca\/International\/wp-json\/wp\/v2\/users\/1743"}],"replies":[{"embeddable":true,"href":"https:\/\/linitiative.ca\/International\/wp-json\/wp\/v2\/comments?post=27956"}],"version-history":[{"count":0,"href":"https:\/\/linitiative.ca\/International\/wp-json\/wp\/v2\/posts\/27956\/revisions"}],"wp:attachment":[{"href":"https:\/\/linitiative.ca\/International\/wp-json\/wp\/v2\/media?parent=27956"}],"wp:term":[{"taxonomy":"category","embeddable":true,"href":"https:\/\/linitiative.ca\/International\/wp-json\/wp\/v2\/categories?post=27956"},{"taxonomy":"post_tag","embeddable":true,"href":"https:\/\/linitiative.ca\/International\/wp-json\/wp\/v2\/tags?post=27956"}],"curies":[{"name":"wp","href":"https:\/\/api.w.org\/{rel}","templated":true}]}}