{"id":27957,"date":"2019-04-15T08:29:46","date_gmt":"2019-04-15T12:29:46","guid":{"rendered":"https:\/\/linitiative.ca\/International\/chlef-la-greve-des-etudiants-en-soutien-au-hirak-se-poursuit\/"},"modified":"2019-04-15T08:29:46","modified_gmt":"2019-04-15T12:29:46","slug":"chlef-la-greve-des-etudiants-en-soutien-au-hirak-se-poursuit","status":"publish","type":"post","link":"https:\/\/linitiative.ca\/International\/chlef-la-greve-des-etudiants-en-soutien-au-hirak-se-poursuit\/","title":{"rendered":"Chlef : La gr\u00e8ve des \u00e9tudiants en soutien au \u00ab Hirak \u00bb se poursuit"},"content":{"rendered":"<h4 class=\"title-14\"\/>\n<p>L\u2019universit\u00e9 Hassiba Benbouali de Chlef qui compte pas moins de 30\u00a0000 \u00e9tudiants, est paralys\u00e9e, depuis quelques jours, par une gr\u00e8ve illimit\u00e9e des \u00e9tudiants en soutien au vaste mouvement de protestation populaire pacifique contre le pouvoir en place.<\/p>\n<p>Ce lundi encore, le pole universitaire d\u2019Ouled Fares \u00e0 13 km au nord de Chlef et celui de Hai Salem au chef -lieu de wilaya, sont rest\u00e9s ferm\u00e9s et les amphith\u00e9\u00e2tres totalement d\u00e9sert\u00e9s par les protestataires.<\/p>\n<p>A l\u2019entr\u00e9e des campus, des banderoles sont d\u00e9ploy\u00e9es sur lesquelles sont \u00e9crits \u00ab\u00a0 pouvoir d\u00e9gage, nous ne voulons ni de Bensalah, ni Bedoui ni encore de Belaiz.C\u2019est le peuple qui doit choisir librement ses repr\u00e9sentants l\u00e9gitimes et engager une r\u00e9elle et vraie transition politique sous la direction d\u2019hommes et femmes int\u00e8gres, propres et comp\u00e9tents,\u2026.\u00a0\u00bb.<\/p>\n<p>\u00ab\u00a0Tout autre processus est quasiment inconcevable et unanimement rejet\u00e9 par le peuple\u00a0\u00bbscandaient \u00e9galement les manifestants qui ont, en outre, rejet\u00e9 massivement l\u2019\u00e9lection pr\u00e9sidentielle pr\u00e9vue le 4 juillet prochain.<\/p>\n<p>Du coup, ils se disent d\u00e9termin\u00e9s \u00e0 aller jusqu\u2019au bout de ces actions revendicatives jusqu\u2019\u00e0 leur satisfaction par les tenants du pouvoir. Dans le m\u00eame sillage, une marche \u00e0 laquelle ont pris part pr\u00e8s de 1000 \u00e9tudiants, a \u00e9t\u00e9 organis\u00e9e avant-hier dans les rues de la ville de Chlef avec les m\u00eames slogans politiques.<\/p>\n<p>S\u2019il est hors de question pour eux d\u2019abandonner leur mouvement de contestation, ils devraient n\u00e9anmoins se pencher sur d\u2019autres formes de protestation pour \u00e9viter une ann\u00e9e blanche \u00e0 l\u2019universit\u00e9.<\/p>\n<div class=\"yuzo_related_post style-1\" data-version=\"5.12.88\">\n<p><h3>Related Post<\/h3>\n<\/p>\n<div class=\"yuzo_wraps\">\n<div class=\"relatedthumb relatedpost-555781 c11\"><a href=\"https:\/\/www.elwatan.com\/pages-hebdo\/etudiant\/cle-de-voute-de-la-bataille-de-la-tolerance-au-stress-hydrique-30-01-2019\"\/><\/p>\n<p><span class=\"yuzo__text--title c10\">Cl\u00e9 de vo\u00fbte de la bataille de la tol\u00e9rance au str&#8230;<\/span><\/div>\n<div class=\"relatedthumb relatedpost-160389 c11\"><a href=\"https:\/\/www.elwatan.com\/edition\/actualite\/perspectives-financieres-2019-2021-la-continuite-dans-la-precarite-12-11-2018\"\/><\/p>\n<p><span class=\"yuzo__text--title c10\">Perspectives financi\u00e8res 2019\/2021 : La continuit\u00e9&#8230;<\/span><\/div>\n<div class=\"relatedthumb relatedpost-569560 c11\"><a href=\"https:\/\/www.elwatan.com\/edition\/contributions\/declaration-du-collectif-des-professeurs-en-sciences-medicales-13-04-2019\"\/><\/p>\n<p><span class=\"yuzo__text--title c10\">D\u00e9claration du collectif des professeurs en scienc&#8230;<\/span><\/div>\n<div class=\"relatedthumb relatedpost-330409 c11\"><a href=\"https:\/\/www.elwatan.com\/chroniques\/edito\/menace-et-faux-fuyants-16-12-2018\"\/><\/p>\n<p><span class=\"yuzo__text--title c10\">Menace et faux-fuyants<\/span><\/div>\n<\/div>\n<\/div>\n<p><span class=\"post-views-label\">Post Views:<\/span> <span class=\"post-views-count\">249<\/span><\/p>\n<p>Auteur: Mohand Yahiaoui<br \/>\n<a href=\"https:\/\/www.elwatan.com\/regions\/ouest\/chlef\/chlef-la-greve-des-etudiants-en-soutien-au-hirak-se-poursuit-15-04-2019\">Cliquez ici pour lire l&rsquo;article depuis sa source.<\/a><\/p>\n","protected":false},"excerpt":{"rendered":"<p>L\u2019universit\u00e9 Hassiba Benbouali de Chlef qui compte pas moins de 30\u00a0000 \u00e9tudiants, est paralys\u00e9e, depuis quelques jours, par une gr\u00e8ve illimit\u00e9e des \u00e9tudiants en soutien au vaste mouvement de protestation populaire pacifique contre le pouvoir en place. Ce lundi encore, le pole universitaire d\u2019Ouled Fares \u00e0 13 km au nord de Chlef et celui de [&hellip;]<\/p>\n","protected":false},"author":1743,"featured_media":0,"comment_status":"closed","ping_status":"closed","sticky":false,"template":"","format":"standard","meta":{"fifu_image_url":"","fifu_image_alt":"","footnotes":""},"categories":[73,53],"tags":[],"class_list":["post-27957","post","type-post","status-publish","format-standard","hentry","category-actualite","category-algerie"],"_links":{"self":[{"href":"https:\/\/linitiative.ca\/International\/wp-json\/wp\/v2\/posts\/27957","targetHints":{"allow":["GET"]}}],"collection":[{"href":"https:\/\/linitiative.ca\/International\/wp-json\/wp\/v2\/posts"}],"about":[{"href":"https:\/\/linitiative.ca\/International\/wp-json\/wp\/v2\/types\/post"}],"author":[{"embeddable":true,"href":"https:\/\/linitiative.ca\/International\/wp-json\/wp\/v2\/users\/1743"}],"replies":[{"embeddable":true,"href":"https:\/\/linitiative.ca\/International\/wp-json\/wp\/v2\/comments?post=27957"}],"version-history":[{"count":0,"href":"https:\/\/linitiative.ca\/International\/wp-json\/wp\/v2\/posts\/27957\/revisions"}],"wp:attachment":[{"href":"https:\/\/linitiative.ca\/International\/wp-json\/wp\/v2\/media?parent=27957"}],"wp:term":[{"taxonomy":"category","embeddable":true,"href":"https:\/\/linitiative.ca\/International\/wp-json\/wp\/v2\/categories?post=27957"},{"taxonomy":"post_tag","embeddable":true,"href":"https:\/\/linitiative.ca\/International\/wp-json\/wp\/v2\/tags?post=27957"}],"curies":[{"name":"wp","href":"https:\/\/api.w.org\/{rel}","templated":true}]}}