{"id":27960,"date":"2019-04-15T10:50:18","date_gmt":"2019-04-15T14:50:18","guid":{"rendered":"https:\/\/linitiative.ca\/International\/atteinte-a-la-dignite-des-militantes-du-raj-et-du-mds-communique-dapel-egalite\/"},"modified":"2019-04-15T10:50:18","modified_gmt":"2019-04-15T14:50:18","slug":"atteinte-a-la-dignite-des-militantes-du-raj-et-du-mds-communique-dapel-egalite","status":"publish","type":"post","link":"https:\/\/linitiative.ca\/International\/atteinte-a-la-dignite-des-militantes-du-raj-et-du-mds-communique-dapel-egalite\/","title":{"rendered":"Atteinte \u00e0 la dignit\u00e9 des militantes du RAJ et du MDS : Communiqu\u00e9 d\u2019APEL-\u00c9galit\u00e9"},"content":{"rendered":"<h4 class=\"title-14\"\/>\n<p>L\u2019association APEL-\u00c9galit\u00e9 a rendu public un communiqu\u00e9 pour condamner \u00ab\u00a0la fouille corporelle outrageant\u00a0\u00bb, dont ont \u00e9t\u00e9 victimes des militants du RAJ et du MDS. Voici le texte int\u00e9gral du communiqu\u00e9\u00a0:<\/p>\n<p>\u00ab\u00a0Le 13 avril, 4 militantes du RAJ (Rassemblement action jeunesse) et du MDS (Mouvement d\u00e9mocratique et social), ont \u00e9t\u00e9 interpell\u00e9es \u00e0 la Grande poste d\u2019Alger et ont subi une fouille corporelle outrageant leur intimit\u00e9, dans un commissariat de Baraki. Nous saluons le courage de ces femmes d\u2019avoir t\u00e9moign\u00e9 de cet outrage.<\/p>\n<p>Nous d\u00e9non\u00e7ons avec force ces pratiques humiliantes, attentatoires \u00e0 la dignit\u00e9 des personnes.<\/p>\n<p>Ces derniers jours, la r\u00e9pression et les arrestations de militants.e.s se multiplient alors que le mouvement est pacifique\u00a0: silmiya\u00a0!<\/p>\n<p>Les femmes subissent en outre des agressions et des incitations \u00e0 la violence lors des manifestations et \u00e0 travers les r\u00e9seaux sociaux.<\/p>\n<p>Le but de ces pratiques est clair\u00a0: il s\u2019agit de d\u00e9courager les femmes de manifester alors qu\u2019elles participent activement au mouvement populaire depuis le 22 f\u00e9vrier pour une Alg\u00e9rie libre et d\u00e9mocratique.<\/p>\n<p>Ces pratiques r\u00e9pressives d\u2019intimidation ne feront que conforter les Alg\u00e9riennes et les Alg\u00e9riens dans leur lutte pour les libert\u00e9s collectives et l\u2019\u00c9tat de droit.<\/p>\n<p>Solidarit\u00e9\u00a0!<\/p>\n<p>APEL-\u00c9galit\u00e9, le 15 avril 2019\u00a0\u00bb<\/p>\n<p><span class=\"post-views-label\">Post Views:<\/span> <span class=\"post-views-count\">734<\/span><\/p>\n<p>Auteur: Farouk Djouadi<br \/>\n<a href=\"https:\/\/www.elwatan.com\/edition\/actualite\/atteinte-a-la-dignite-des-militantes-du-raj-et-du-mds-communique-dapel-egalite-15-04-2019\">Cliquez ici pour lire l&rsquo;article depuis sa source.<\/a><\/p>\n","protected":false},"excerpt":{"rendered":"<p>L\u2019association APEL-\u00c9galit\u00e9 a rendu public un communiqu\u00e9 pour condamner \u00ab\u00a0la fouille corporelle outrageant\u00a0\u00bb, dont ont \u00e9t\u00e9 victimes des militants du RAJ et du MDS. Voici le texte int\u00e9gral du communiqu\u00e9\u00a0: \u00ab\u00a0Le 13 avril, 4 militantes du RAJ (Rassemblement action jeunesse) et du MDS (Mouvement d\u00e9mocratique et social), ont \u00e9t\u00e9 interpell\u00e9es \u00e0 la Grande poste d\u2019Alger [&hellip;]<\/p>\n","protected":false},"author":1743,"featured_media":0,"comment_status":"closed","ping_status":"closed","sticky":false,"template":"","format":"standard","meta":{"fifu_image_url":"","fifu_image_alt":"","footnotes":""},"categories":[73,53],"tags":[],"class_list":["post-27960","post","type-post","status-publish","format-standard","hentry","category-actualite","category-algerie"],"_links":{"self":[{"href":"https:\/\/linitiative.ca\/International\/wp-json\/wp\/v2\/posts\/27960","targetHints":{"allow":["GET"]}}],"collection":[{"href":"https:\/\/linitiative.ca\/International\/wp-json\/wp\/v2\/posts"}],"about":[{"href":"https:\/\/linitiative.ca\/International\/wp-json\/wp\/v2\/types\/post"}],"author":[{"embeddable":true,"href":"https:\/\/linitiative.ca\/International\/wp-json\/wp\/v2\/users\/1743"}],"replies":[{"embeddable":true,"href":"https:\/\/linitiative.ca\/International\/wp-json\/wp\/v2\/comments?post=27960"}],"version-history":[{"count":0,"href":"https:\/\/linitiative.ca\/International\/wp-json\/wp\/v2\/posts\/27960\/revisions"}],"wp:attachment":[{"href":"https:\/\/linitiative.ca\/International\/wp-json\/wp\/v2\/media?parent=27960"}],"wp:term":[{"taxonomy":"category","embeddable":true,"href":"https:\/\/linitiative.ca\/International\/wp-json\/wp\/v2\/categories?post=27960"},{"taxonomy":"post_tag","embeddable":true,"href":"https:\/\/linitiative.ca\/International\/wp-json\/wp\/v2\/tags?post=27960"}],"curies":[{"name":"wp","href":"https:\/\/api.w.org\/{rel}","templated":true}]}}