{"id":27961,"date":"2019-04-15T10:56:09","date_gmt":"2019-04-15T14:56:09","guid":{"rendered":"https:\/\/linitiative.ca\/International\/bouira-15-presidents-dapc-refusent-la-preparation-de-lelection-presidentielle\/"},"modified":"2019-04-15T10:56:09","modified_gmt":"2019-04-15T14:56:09","slug":"bouira-15-presidents-dapc-refusent-la-preparation-de-lelection-presidentielle","status":"publish","type":"post","link":"https:\/\/linitiative.ca\/International\/bouira-15-presidents-dapc-refusent-la-preparation-de-lelection-presidentielle\/","title":{"rendered":"Bouira : 15 pr\u00e9sidents d\u2019APC refusent la pr\u00e9paration de l\u2019\u00e9lection pr\u00e9sidentielle"},"content":{"rendered":"<h4 class=\"title-14\"\/>\n<p>R\u00e9unis ce lundi, quinze pr\u00e9sidents d\u2019APC, toutes ob\u00e9diences politiques confondues, ont d\u00e9cid\u00e9 \u00e0 l\u2019unanimit\u00e9 de boycotter la r\u00e9vision des listes \u00e9lectorales et la pr\u00e9paration de l\u2019\u00e9lection pr\u00e9sidentielle, annonc\u00e9e par le \u00ab\u00a0chef de l\u2019Etat\u00a0\u00bb, Abdelkader Bensalah, pour le 4 juillet prochain, a-t-on appris aupr\u00e8s du P\/APC de Chorfa, M. Chemlal.<\/p>\n<p>Le m\u00eame responsable a affirm\u00e9 que les \u00e9lus concern\u00e9s se sont rencontr\u00e9s deux fois, et que la d\u00e9cision finale sanctionnant ce \u00ab\u00a0conclave\u00a0\u00bb, n\u2019a pas \u00e9t\u00e9 encore rendue publique. N\u00e9anmoins,\u00a0 les P\/APC sont partant pour un rejet indiscutable et cat\u00e9gorique de la pr\u00e9paration des \u00e9lections, massivement rejet\u00e9es par le peuple Alg\u00e9rien.<\/p>\n<p>Dimanche dernier, le maire de Yakouren, dans la wilaya de Tizi Ouzou qui a expliqu\u00e9 dans une missive adress\u00e9e au wali, que la d\u00e9cision concernant le refus de la r\u00e9vision des listes et la pr\u00e9paration de l\u2019\u00e9lection du 4 juillet prochain, est prise, \u00ab\u00a0<em>par respect \u00e0 la volont\u00e9 populaire\u00a0\u00bb.<\/em><\/p>\n<div class=\"yuzo_related_post style-1\" data-version=\"5.12.88\">\n<p><h3>Related Post<\/h3>\n<\/p>\n<div class=\"yuzo_wraps\">\n<div class=\"relatedthumb relatedpost-153891 c11\"><a href=\"https:\/\/www.elwatan.com\/regions\/kabylie\/bouira\/lakhdaria-bouira-ecoles-degradees-06-10-2018\"\/><\/p>\n<p><span class=\"yuzo__text--title c10\">Lakhdaria (Bouira) : Ecoles d\u00e9grad\u00e9es<\/span><\/div>\n<div class=\"relatedthumb relatedpost-559519 c11\"><a href=\"https:\/\/www.elwatan.com\/edition\/actualite\/boycott-de-la-presidentielle-trois-militants-du-ffs-arretes-a-alger-20-02-2019\"\/><\/p>\n<p><span class=\"yuzo__text--title c10\">Boycott de la pr\u00e9sidentielle : Trois militants du &#8230;<\/span><\/div>\n<div class=\"relatedthumb relatedpost-560628 c11\"><a href=\"https:\/\/www.elwatan.com\/edition\/actualite\/lultime-appel-a-la-raison-26-02-2019\"\/><\/p>\n<p><span class=\"yuzo__text--title c10\">L\u2019ultime appel \u00e0 la raison<\/span><\/div>\n<div class=\"relatedthumb relatedpost-152720 c11\"><a href=\"https:\/\/www.elwatan.com\/edition\/international\/crise-politique-en-tunisie-quand-chahed-se-joue-dennahdha-et-de-nidaa-tounes-30-09-2018\"\/><\/p>\n<p><span class=\"yuzo__text--title c10\">Crise politique en Tunisie : Quand Chahed se joue &#8230;<\/span><\/div>\n<\/div>\n<\/div>\n<p><span class=\"post-views-label\">Post Views:<\/span> <span class=\"post-views-count\">832<\/span><\/p>\n<p>Auteur: Farouk Djouadi<br \/>\n<a href=\"https:\/\/www.elwatan.com\/edition\/actualite\/bouira-15-presidents-dapc-refusent-la-preparation-de-lelection-presidentielle-15-04-2019\">Cliquez ici pour lire l&rsquo;article depuis sa source.<\/a><\/p>\n","protected":false},"excerpt":{"rendered":"<p>R\u00e9unis ce lundi, quinze pr\u00e9sidents d\u2019APC, toutes ob\u00e9diences politiques confondues, ont d\u00e9cid\u00e9 \u00e0 l\u2019unanimit\u00e9 de boycotter la r\u00e9vision des listes \u00e9lectorales et la pr\u00e9paration de l\u2019\u00e9lection pr\u00e9sidentielle, annonc\u00e9e par le \u00ab\u00a0chef de l\u2019Etat\u00a0\u00bb, Abdelkader Bensalah, pour le 4 juillet prochain, a-t-on appris aupr\u00e8s du P\/APC de Chorfa, M. Chemlal. Le m\u00eame responsable a affirm\u00e9 que [&hellip;]<\/p>\n","protected":false},"author":1743,"featured_media":0,"comment_status":"closed","ping_status":"closed","sticky":false,"template":"","format":"standard","meta":{"fifu_image_url":"","fifu_image_alt":"","footnotes":""},"categories":[73,53],"tags":[],"class_list":["post-27961","post","type-post","status-publish","format-standard","hentry","category-actualite","category-algerie"],"_links":{"self":[{"href":"https:\/\/linitiative.ca\/International\/wp-json\/wp\/v2\/posts\/27961","targetHints":{"allow":["GET"]}}],"collection":[{"href":"https:\/\/linitiative.ca\/International\/wp-json\/wp\/v2\/posts"}],"about":[{"href":"https:\/\/linitiative.ca\/International\/wp-json\/wp\/v2\/types\/post"}],"author":[{"embeddable":true,"href":"https:\/\/linitiative.ca\/International\/wp-json\/wp\/v2\/users\/1743"}],"replies":[{"embeddable":true,"href":"https:\/\/linitiative.ca\/International\/wp-json\/wp\/v2\/comments?post=27961"}],"version-history":[{"count":0,"href":"https:\/\/linitiative.ca\/International\/wp-json\/wp\/v2\/posts\/27961\/revisions"}],"wp:attachment":[{"href":"https:\/\/linitiative.ca\/International\/wp-json\/wp\/v2\/media?parent=27961"}],"wp:term":[{"taxonomy":"category","embeddable":true,"href":"https:\/\/linitiative.ca\/International\/wp-json\/wp\/v2\/categories?post=27961"},{"taxonomy":"post_tag","embeddable":true,"href":"https:\/\/linitiative.ca\/International\/wp-json\/wp\/v2\/tags?post=27961"}],"curies":[{"name":"wp","href":"https:\/\/api.w.org\/{rel}","templated":true}]}}