{"id":27967,"date":"2019-04-15T15:45:30","date_gmt":"2019-04-15T19:45:30","guid":{"rendered":"https:\/\/linitiative.ca\/International\/mahmoud-boudarene-psychiatre-les-algeriens-ont-patiente-et-muri-leur-revolte-a-travers-un-pacifisme-exemplaire\/"},"modified":"2019-04-15T15:45:30","modified_gmt":"2019-04-15T19:45:30","slug":"mahmoud-boudarene-psychiatre-les-algeriens-ont-patiente-et-muri-leur-revolte-a-travers-un-pacifisme-exemplaire","status":"publish","type":"post","link":"https:\/\/linitiative.ca\/International\/mahmoud-boudarene-psychiatre-les-algeriens-ont-patiente-et-muri-leur-revolte-a-travers-un-pacifisme-exemplaire\/","title":{"rendered":"Mahmoud Boudarene, psychiatre : \u00ab Les Alg\u00e9riens ont patient\u00e9 et m\u00fbri leur r\u00e9volte \u00e0 travers un pacifisme exemplaire \u00bb"},"content":{"rendered":"<h4 class=\"title-14\"\/>\n<p>Les grandioses manifestations qu\u2019ont connues les diff\u00e9rentes r\u00e9gions de l\u2019Alg\u00e9rie ne cessent de susciter l\u2019estime et l\u2019admiration du monde entier, notamment pour leur caract\u00e8re pacifique.<\/p>\n<p>Les\u00a0 analystes et observateurs qui ont pr\u00e9dit l\u2019apocalypse ont tous fait fausse route. <em>\u00abLe g\u00e9nie de certaines soci\u00e9t\u00e9s r\u00e9side dans leurs aptitudes \u00e0 g\u00e9n\u00e9rer des m\u00e9canismes de r\u00e9gularisation et d\u2019amortissement de la violence\u00a0\u00bb<\/em> estime le docteur en psychiatrie Mahmoud Boudarene, qui s\u2019exprimait lors d\u2019une journ\u00e9e d\u2019\u00e9tude sous le th\u00e8me <em>\u00ab\u00a0De la violence au pacifisme, entre changement et transition\u00a0\u00bb,<\/em> organis\u00e9e aujourd\u2019hui au niveau de la biblioth\u00e8que centrale de Bouira, \u00e0 l\u2019initiative l\u2019association Savoir et bien \u00eatre.<\/p>\n<p>Pour le conf\u00e9rencier, tous les ingr\u00e9dients d\u2019une insurrection populaire en Alg\u00e9rie \u00e9taient d\u00e9j\u00e0 r\u00e9unis. <em>\u00ab\u00a0La soci\u00e9t\u00e9 alg\u00e9rienne a \u00e9t\u00e9 progressivement conduite vers une situation d\u2019indignit\u00e9.<\/em> <em>La jeunesse alg\u00e9rienne en particulier, a \u00e9t\u00e9 toujours exclue dans la prise d\u00e9cision. Pourtant, tout \u00eatre humain a le droit de d\u00e9cider de son sort, de construire son avenir et de prendre en main son destin.\u00a0Or l\u2019avenir des Alg\u00e9riens a \u00e9t\u00e9 confisqu\u00e9 par un syst\u00e8me politique qui les a ali\u00e9n\u00e9s \u00bb,<\/em> a-t-il expliqu\u00e9.<\/p>\n<p>Plus loin dans son analyse, le psychiatre a estim\u00e9 que l\u2019Alg\u00e9rie a \u00e9t\u00e9 pendant longtemps un pays de non droit et de d\u00e9sordre ouvrant ainsi les portes \u00e0 toutes les d\u00e9rives. N\u00e9anmoins depuis le d\u00e9but des manifestations, les alg\u00e9riens ont adopt\u00e9 une d\u00e9marche totalement pacifique. <em>\u00ab\u00a0Quand il y a d\u00e9sordre institutionnel qui s\u2019associe \u00e0 un d\u00e9sordre social, cela cr\u00e9e une situation d\u2019anomie qui conduit g\u00e9n\u00e9ralement \u00e0 la violence. C\u2019est vraiment miraculeux de voir la soci\u00e9t\u00e9 alg\u00e9rienne manifester et montrer son d\u00e9sespoir pacifiquement\u00a0\u00bb,<\/em> a-t-il dit.<\/p>\n<p>Selon Dr Mahmoud Boudarene, c\u2019est en se r\u00e9f\u00e9rant \u00e0 l\u2019histoire r\u00e9cente de l\u2019Alg\u00e9rie qu\u2019on \u00a0pourrait trouver des explications \u00e0 l\u2019attitude non violente des manifestants. <em>\u00ab\u00a0Les Alg\u00e9riens ont \u00e9t\u00e9 traumatis\u00e9s par les affres de la d\u00e9cennie noire. Il faut savoir que m\u00eame ceux qui n\u2019ont pas vraiment v\u00e9cu cette \u00e9poque, ont grandi dedans. Ce v\u00e9cu a contraint les Alg\u00e9riens \u00e0 renoncer de prendre le train du Printemps arabe violent. Les Alg\u00e9riens ont patient\u00e9 et m\u00fbri leur r\u00e9volte \u00e0 travers un <a href=\"https:\/\/www.elwatan.com\/a-la-une\/indignation-contre-la-repression-et-les-baltaguia-qui-cherche-le-pourrissement-14-04-2019\">pacifisme exemplaire que l\u2019on voit actuellement<\/a>\u00a0\u00bb.<\/em><\/p>\n<div class=\"yuzo_related_post style-1\" data-version=\"5.12.88\">\n<p><h3>Related Post<\/h3>\n<\/p>\n<div class=\"yuzo_wraps\">\n<div class=\"relatedthumb relatedpost-146522 c12\"><a href=\"https:\/\/www.elwatan.com\/a-la-une\/des-algeriens-interdits-de-passeport-31-08-2018\"\/><\/p>\n<p><span class=\"yuzo__text--title c11\">Des Alg\u00e9riens interdits de passeport<\/span><\/div>\n<div class=\"relatedthumb relatedpost-143737 c12\"><a href=\"https:\/\/www.elwatan.com\/edition\/actualite\/lautoroute-de-la-peur-13-08-2018\"\/><\/p>\n<p><span class=\"yuzo__text--title c11\">L\u2019autoroute de la peur<\/span><\/div>\n<div class=\"relatedthumb relatedpost-150399 c12\"><a href=\"https:\/\/www.elwatan.com\/edition\/actualite\/le-gouvernement-donne-son-accord-pour-leur-rapatriement-18-09-2018\"\/><\/p>\n<p><span class=\"yuzo__text--title c11\">Le gouvernement donne son accord pour leur rapatri&#8230;<\/span><\/div>\n<div class=\"relatedthumb relatedpost-565279 c12\"><a href=\"https:\/\/www.elwatan.com\/edition\/actualite\/nouvelle-demonstration-de-force-des-manifestants-a-alger-degagez-tous-22-03-2019\"\/><\/p>\n<p><span class=\"yuzo__text--title c11\">Nouvelle d\u00e9monstration de force des manifestants \u00e0&#8230;<\/span><\/div>\n<\/div>\n<\/div>\n<p><span class=\"post-views-label\">Post Views:<\/span> <span class=\"post-views-count\">202<\/span><\/p>\n<p>Auteur: Farouk Djouadi<br \/>\n<a href=\"https:\/\/www.elwatan.com\/edition\/actualite\/mahmoud-boudarene-psychiatre-les-algeriens-ont-patiente-et-muri-leur-revolte-a-travers-un-pacifisme-exemplaire-15-04-2019\">Cliquez ici pour lire l&rsquo;article depuis sa source.<\/a><\/p>\n","protected":false},"excerpt":{"rendered":"<p>Les grandioses manifestations qu\u2019ont connues les diff\u00e9rentes r\u00e9gions de l\u2019Alg\u00e9rie ne cessent de susciter l\u2019estime et l\u2019admiration du monde entier, notamment pour leur caract\u00e8re pacifique. Les\u00a0 analystes et observateurs qui ont pr\u00e9dit l\u2019apocalypse ont tous fait fausse route. \u00abLe g\u00e9nie de certaines soci\u00e9t\u00e9s r\u00e9side dans leurs aptitudes \u00e0 g\u00e9n\u00e9rer des m\u00e9canismes de r\u00e9gularisation et d\u2019amortissement [&hellip;]<\/p>\n","protected":false},"author":1743,"featured_media":0,"comment_status":"closed","ping_status":"closed","sticky":false,"template":"","format":"standard","meta":{"fifu_image_url":"","fifu_image_alt":"","footnotes":""},"categories":[73,53],"tags":[],"class_list":["post-27967","post","type-post","status-publish","format-standard","hentry","category-actualite","category-algerie"],"_links":{"self":[{"href":"https:\/\/linitiative.ca\/International\/wp-json\/wp\/v2\/posts\/27967","targetHints":{"allow":["GET"]}}],"collection":[{"href":"https:\/\/linitiative.ca\/International\/wp-json\/wp\/v2\/posts"}],"about":[{"href":"https:\/\/linitiative.ca\/International\/wp-json\/wp\/v2\/types\/post"}],"author":[{"embeddable":true,"href":"https:\/\/linitiative.ca\/International\/wp-json\/wp\/v2\/users\/1743"}],"replies":[{"embeddable":true,"href":"https:\/\/linitiative.ca\/International\/wp-json\/wp\/v2\/comments?post=27967"}],"version-history":[{"count":0,"href":"https:\/\/linitiative.ca\/International\/wp-json\/wp\/v2\/posts\/27967\/revisions"}],"wp:attachment":[{"href":"https:\/\/linitiative.ca\/International\/wp-json\/wp\/v2\/media?parent=27967"}],"wp:term":[{"taxonomy":"category","embeddable":true,"href":"https:\/\/linitiative.ca\/International\/wp-json\/wp\/v2\/categories?post=27967"},{"taxonomy":"post_tag","embeddable":true,"href":"https:\/\/linitiative.ca\/International\/wp-json\/wp\/v2\/tags?post=27967"}],"curies":[{"name":"wp","href":"https:\/\/api.w.org\/{rel}","templated":true}]}}