{"id":27971,"date":"2019-04-15T10:35:00","date_gmt":"2019-04-15T14:35:00","guid":{"rendered":"https:\/\/linitiative.ca\/International\/mhamed-aroui-luniversite-tunisienne-rentre-dans-une-zone-de-turbulence\/"},"modified":"2019-04-15T10:35:00","modified_gmt":"2019-04-15T14:35:00","slug":"mhamed-aroui-luniversite-tunisienne-rentre-dans-une-zone-de-turbulence","status":"publish","type":"post","link":"https:\/\/linitiative.ca\/International\/mhamed-aroui-luniversite-tunisienne-rentre-dans-une-zone-de-turbulence\/","title":{"rendered":"Mhamed Aroui: L\u2019universit\u00e9 tunisienne rentre dans une zone de turbulence"},"content":{"rendered":"<p>Pour la deuxi\u00e8me ann\u00e9e cons\u00e9cutive l\u2019universit\u00e9 publique, avec ses centaines de milliers d\u2019\u00e9tudiants et ses milliers d\u2019enseignant-chercheurs, vit des p\u00e9riodes de turbulences inqui\u00e9tantes. Une gr\u00e8ve administrative a emp\u00each\u00e9 une part non-n\u00e9gligeable d\u2019\u00e9tudiants de passer leurs examens, plusieurs centaines d\u2019enseignants universitaires sont priv\u00e9s depuis le mois de mars de salaires et d\u2019assurance maladie, des \u00e9tudiants en gr\u00e8ve pour cause d\u2019examens non pass\u00e9s et d\u2019une \u00e9ventuelle suppression du CAPES, des pseudo-r\u00e9formes du r\u00e9gime LMD dont il est difficile de comprendre la logique et les bienfaits. On ne saurait dire si ce sont l\u00e0 les derni\u00e8res convulsions d\u2019un syst\u00e8me mourant ou bien les signes de r\u00e9mission d\u2019un corps malade qui s\u2019est enfin d\u00e9cid\u00e9 \u00e0 sortir de son long coma.<\/p>\n<p>L\u2019universit\u00e9 tunisienne est malade, au-del\u00e0 du manque de moyens on manque surtout de vision, de projet national, de patriotisme scientifique, de grands esprits capables de trouver la martingale<br \/>adapt\u00e9e \u00e0 cette d\u00e9mocratie balbutiante.<\/p>\n<p>Le conflit qui dure depuis deux ans entre l\u2019\u00e9quipe minist\u00e9rielle et le syndicat des enseignantchercheurs ne peut plus perdurer. Que gagnerait le pays \u00e0 ce que des centaines de milliers<br \/>d\u2019\u00e9tudiants soient trait\u00e9s de la sorte ? Que gagnerait le pays \u00e0 ce que des milliers de ses universitaires soient publiquement d\u00e9cr\u00e9dibilis\u00e9s, moralement rabaiss\u00e9s et mat\u00e9riellement harcel\u00e9s parce qu\u2019ils demandent que les termes d\u2019un accord sign\u00e9 un certain 7 juin 2018 soient appliqu\u00e9s?<\/p>\n<p>[L\u2019accord stipule que la part du budget du minist\u00e8re, par rapport au budget de l\u2019Etat, soit augment\u00e9e en 2019 de 0.25%. La part de 2019 a \u00e9t\u00e9 de 4.03% alors que celle de 2018 \u00e9tait de 4.13% soit une diminution de 0.10%]. Est-ce que notre jeune d\u00e9mocratie souhaite \u00e9veiller ses jeunes consciences avec des universitaires d\u00e9sabus\u00e9s, aigris, d\u00e9moralis\u00e9s ?<\/p>\n<p>Aux d\u00e9cideurs de sortir l\u2019universit\u00e9 de cette crise. Ils pourraient solliciter la m\u00e9diation d\u2019une commission de \u2018sages\u2019 de l&rsquo;universit\u00e9 tunisienne. Ces \u2018ain\u00e9s\u2019 mettraient \u00e0 profit leur poids acad\u00e9mique, leur exp\u00e9rience et leur aura pour r\u00e9tablir d\u2019abord la confiance de part et d\u2019autre puis oeuvrer \u00e0 ce que l\u2019on sorte une fois pour toutes de cet engrenage. On \u00e9vitera ainsi \u00e0 l\u2019\u00e9lite intellectuelle de demain et d\u2019aujourd\u2019hui des traumatismes et des aigreurs inhibants.<\/p>\n<p>Au-del\u00e0 de cette crise ponctuelle, notre enseignement sup\u00e9rieur a besoin de r\u00e9formes ambitieuses qui annoncent un nouveau cap, une nouvelle vision, une nouvelle universit\u00e9 tunisienne. Des r\u00e9formes qui remotivent les troupes, qui injectent un nouveau souffle, qui relancent cette dynamique intellectuelle s\u00e9culaire qui a cr\u00e9\u00e9 l&rsquo;exception tunisienne. A soixante ans notre universit\u00e9 a besoin d&rsquo;une grande refonte qui la rehaussera aux ambitions des pionniers qui l&rsquo;ont cr\u00e9\u00e9e.<\/p>\n<p>A ceux qui trouvent que l\u2019\u00e9ducation co\u00fbte cher, le conseil de Lincoln tient toujours: essayer l\u2019ignorance&#8230;<\/p>\n<p class=\"c2\"><strong>Mhamed Aroui<\/strong><\/p>\n<p>Auteur:<br \/>\n<a href=\"https:\/\/www.leaders.com.tn\/article\/26893-mhamed-aroui-l-universite-tunisienne-en-zones-de-turbulences\">Cliquez ici pour lire l&rsquo;article depuis sa source.<\/a><\/p>\n","protected":false},"excerpt":{"rendered":"<p>Pour la deuxi\u00e8me ann\u00e9e cons\u00e9cutive l\u2019universit\u00e9 publique, avec ses centaines de milliers d\u2019\u00e9tudiants et ses milliers d\u2019enseignant-chercheurs, vit des p\u00e9riodes de turbulences inqui\u00e9tantes. Une gr\u00e8ve administrative a emp\u00each\u00e9 une part non-n\u00e9gligeable d\u2019\u00e9tudiants de passer leurs examens, plusieurs centaines d\u2019enseignants universitaires sont priv\u00e9s depuis le mois de mars de salaires et d\u2019assurance maladie, des \u00e9tudiants en [&hellip;]<\/p>\n","protected":false},"author":1772,"featured_media":0,"comment_status":"closed","ping_status":"closed","sticky":false,"template":"","format":"standard","meta":{"fifu_image_url":"","fifu_image_alt":"","footnotes":""},"categories":[73,55],"tags":[],"class_list":["post-27971","post","type-post","status-publish","format-standard","hentry","category-actualite","category-tunisie"],"_links":{"self":[{"href":"https:\/\/linitiative.ca\/International\/wp-json\/wp\/v2\/posts\/27971","targetHints":{"allow":["GET"]}}],"collection":[{"href":"https:\/\/linitiative.ca\/International\/wp-json\/wp\/v2\/posts"}],"about":[{"href":"https:\/\/linitiative.ca\/International\/wp-json\/wp\/v2\/types\/post"}],"author":[{"embeddable":true,"href":"https:\/\/linitiative.ca\/International\/wp-json\/wp\/v2\/users\/1772"}],"replies":[{"embeddable":true,"href":"https:\/\/linitiative.ca\/International\/wp-json\/wp\/v2\/comments?post=27971"}],"version-history":[{"count":0,"href":"https:\/\/linitiative.ca\/International\/wp-json\/wp\/v2\/posts\/27971\/revisions"}],"wp:attachment":[{"href":"https:\/\/linitiative.ca\/International\/wp-json\/wp\/v2\/media?parent=27971"}],"wp:term":[{"taxonomy":"category","embeddable":true,"href":"https:\/\/linitiative.ca\/International\/wp-json\/wp\/v2\/categories?post=27971"},{"taxonomy":"post_tag","embeddable":true,"href":"https:\/\/linitiative.ca\/International\/wp-json\/wp\/v2\/tags?post=27971"}],"curies":[{"name":"wp","href":"https:\/\/api.w.org\/{rel}","templated":true}]}}