{"id":27974,"date":"2019-04-15T12:26:00","date_gmt":"2019-04-15T16:26:00","guid":{"rendered":"https:\/\/linitiative.ca\/International\/tunisie-de-la-banalisation-des-mouvements-sociaux-photos\/"},"modified":"2019-04-15T12:26:00","modified_gmt":"2019-04-15T16:26:00","slug":"tunisie-de-la-banalisation-des-mouvements-sociaux-photos","status":"publish","type":"post","link":"https:\/\/linitiative.ca\/International\/tunisie-de-la-banalisation-des-mouvements-sociaux-photos\/","title":{"rendered":"Tunisie: de la banalisation des mouvements sociaux (Photos)"},"content":{"rendered":"<p>Le droit de manifester est certes un droit constitutionnel mais qui a ses limites: ne pas troubler l\u2019ordre public, et surtout ne pas perturber la vie sociale sous tous ses aspects.<\/p>\n<p>Malheureusement, le blocage des entr\u00e9es des villes entrepris par l\u2019Union des taxis de ce lundi entre dans cette cat\u00e9gorie. Une d\u00e9cision prise par un syndicat minoritaire alors que la F\u00e9d\u00e9ration des transports de l&rsquo;Utica a appel\u00e9 ses adh\u00e9rents \u00e0 ne pas participer \u00e0 ce mouvement de protestation \u00abinjustifi\u00e9\u00bb et d&rsquo;assurer leur service comme \u00e0 l&rsquo;accoutum\u00e9e, malheureusement, il leur \u00e9tait pratiquement impossible de circuler. M\u00eame si le trafic routier a repris partiellement en fin d&rsquo;apr\u00e8s midi apr\u00e8s l&rsquo;intervention des forces de l&rsquo;ordre, c&rsquo;est une nouvelle journ\u00e9e de perdue pour l&rsquo;\u00e9conomie du pays, d&rsquo;autant plus que les raisons invoqu\u00e9es pour justifier ce geste n&rsquo;est pas convaincant: ils exigent l&rsquo;annulation de l&rsquo;augmentation du prix de carburant m\u00eame si elle a \u00e9t\u00e9 \u00e9t\u00e9 compens\u00e9e par une hausse des tarifs des taxis et des \u00ablouages\u00bb.<\/p>\n<p>Tout heureux d&rsquo;avoir r\u00e9ussi \u00e0 paralyser le pays, les protestataires comptent poursuivre leur mouvement jusqu&rsquo;\u00e0 amener le mouvement \u00e0 r\u00e9sipiscence\u00bb. Ce qui inqui\u00e8te le plus, c&rsquo;est qu&rsquo;on assiste de plus en plus \u00e0 une banalisation de ces actions. Ce n&rsquo;est plus un ultime recours, mais arme comme tant d&rsquo;autres qu&rsquo;on utilise \u00e0 tout propos d\u00e8s qu&rsquo;on s&rsquo;estime contrari\u00e9 sans qu&rsquo; on se soucie de leur effet d\u00e9vastateur sur l&rsquo;\u00e9conomie et surtout sur le moral des Tunisiens qui voit son pays s&rsquo;enfoncer lentement mais s\u00fbrement dans une crise dont on ne voit pas l&rsquo;issue.<\/p>\n<p>Auteur:<br \/>\n<a href=\"https:\/\/www.leaders.com.tn\/article\/26896-de-la-banalisation-des-mouvements-sociaux-photos\">Cliquez ici pour lire l&rsquo;article depuis sa source.<\/a><\/p>\n","protected":false},"excerpt":{"rendered":"<p>Le droit de manifester est certes un droit constitutionnel mais qui a ses limites: ne pas troubler l\u2019ordre public, et surtout ne pas perturber la vie sociale sous tous ses aspects. Malheureusement, le blocage des entr\u00e9es des villes entrepris par l\u2019Union des taxis de ce lundi entre dans cette cat\u00e9gorie. Une d\u00e9cision prise par un [&hellip;]<\/p>\n","protected":false},"author":1772,"featured_media":0,"comment_status":"closed","ping_status":"closed","sticky":false,"template":"","format":"standard","meta":{"fifu_image_url":"","fifu_image_alt":"","footnotes":""},"categories":[73,55],"tags":[],"class_list":["post-27974","post","type-post","status-publish","format-standard","hentry","category-actualite","category-tunisie"],"_links":{"self":[{"href":"https:\/\/linitiative.ca\/International\/wp-json\/wp\/v2\/posts\/27974","targetHints":{"allow":["GET"]}}],"collection":[{"href":"https:\/\/linitiative.ca\/International\/wp-json\/wp\/v2\/posts"}],"about":[{"href":"https:\/\/linitiative.ca\/International\/wp-json\/wp\/v2\/types\/post"}],"author":[{"embeddable":true,"href":"https:\/\/linitiative.ca\/International\/wp-json\/wp\/v2\/users\/1772"}],"replies":[{"embeddable":true,"href":"https:\/\/linitiative.ca\/International\/wp-json\/wp\/v2\/comments?post=27974"}],"version-history":[{"count":0,"href":"https:\/\/linitiative.ca\/International\/wp-json\/wp\/v2\/posts\/27974\/revisions"}],"wp:attachment":[{"href":"https:\/\/linitiative.ca\/International\/wp-json\/wp\/v2\/media?parent=27974"}],"wp:term":[{"taxonomy":"category","embeddable":true,"href":"https:\/\/linitiative.ca\/International\/wp-json\/wp\/v2\/categories?post=27974"},{"taxonomy":"post_tag","embeddable":true,"href":"https:\/\/linitiative.ca\/International\/wp-json\/wp\/v2\/tags?post=27974"}],"curies":[{"name":"wp","href":"https:\/\/api.w.org\/{rel}","templated":true}]}}