{"id":27976,"date":"2019-04-15T16:09:00","date_gmt":"2019-04-15T20:09:00","guid":{"rendered":"https:\/\/linitiative.ca\/International\/un-incendie-ravage-notre-dame-de-paris-le-monument-le-plus-visite-de-la-capitale-francaise\/"},"modified":"2019-04-15T16:09:00","modified_gmt":"2019-04-15T20:09:00","slug":"un-incendie-ravage-notre-dame-de-paris-le-monument-le-plus-visite-de-la-capitale-francaise","status":"publish","type":"post","link":"https:\/\/linitiative.ca\/International\/un-incendie-ravage-notre-dame-de-paris-le-monument-le-plus-visite-de-la-capitale-francaise\/","title":{"rendered":"Un incendie ravage Notre Dame de Paris, le monument le plus visit\u00e9 de la capitale fran\u00e7aise"},"content":{"rendered":"<p>Qui dit Paris, dit la Tour Eiffel, le Louvre et surtout Notre Dame de Paris. Ce monument historique le plus visit\u00e9 de la capitale fran\u00e7aise est en train de se consumer depuis 17h50 ce lundi. Un incendie s\u2019est d\u00e9clar\u00e9 dans cette cath\u00e9drale dont la construction s&rsquo;est \u00e9tal\u00e9e de 1163 \u00e0 1345, aux alentours de 18h50, lundi 15 avril. Le feu a pris dans les combles du b\u00e2timent.<\/p>\n<p>A 19h30, les secours \u00e9taient toujours en cours d\u2019intervention, alors que des flammes et de la fum\u00e9e continuaient de s\u2019\u00e9chapper de la structure. L&rsquo;\u00e9motion est \u00e0 son comble en France. Le pr\u00e9sident fran\u00e7ais, Emmanuel Macron qui devait annoncer des mesures sociales qualifi\u00e9es d&rsquo;importantes inspir\u00e9es des d\u00e9bats qui se sont tenues partout en France en rapport avec les manifestations des Gilets jaunes a report\u00e9 \u00e0 mardi son intervention pour se rendre sur place.<\/p>\n<p>Auteur:<br \/>\n<a href=\"https:\/\/www.leaders.com.tn\/article\/26898-un-incendie-ravage-notre-dame-de-paris-le-monument-le-plus-visite-de-la-capitale-francaise\">Cliquez ici pour lire l&rsquo;article depuis sa source.<\/a><\/p>\n","protected":false},"excerpt":{"rendered":"<p>Qui dit Paris, dit la Tour Eiffel, le Louvre et surtout Notre Dame de Paris. Ce monument historique le plus visit\u00e9 de la capitale fran\u00e7aise est en train de se consumer depuis 17h50 ce lundi. Un incendie s\u2019est d\u00e9clar\u00e9 dans cette cath\u00e9drale dont la construction s&rsquo;est \u00e9tal\u00e9e de 1163 \u00e0 1345, aux alentours de 18h50, [&hellip;]<\/p>\n","protected":false},"author":1772,"featured_media":0,"comment_status":"closed","ping_status":"closed","sticky":false,"template":"","format":"standard","meta":{"fifu_image_url":"","fifu_image_alt":"","footnotes":""},"categories":[73,55],"tags":[],"class_list":["post-27976","post","type-post","status-publish","format-standard","hentry","category-actualite","category-tunisie"],"_links":{"self":[{"href":"https:\/\/linitiative.ca\/International\/wp-json\/wp\/v2\/posts\/27976","targetHints":{"allow":["GET"]}}],"collection":[{"href":"https:\/\/linitiative.ca\/International\/wp-json\/wp\/v2\/posts"}],"about":[{"href":"https:\/\/linitiative.ca\/International\/wp-json\/wp\/v2\/types\/post"}],"author":[{"embeddable":true,"href":"https:\/\/linitiative.ca\/International\/wp-json\/wp\/v2\/users\/1772"}],"replies":[{"embeddable":true,"href":"https:\/\/linitiative.ca\/International\/wp-json\/wp\/v2\/comments?post=27976"}],"version-history":[{"count":0,"href":"https:\/\/linitiative.ca\/International\/wp-json\/wp\/v2\/posts\/27976\/revisions"}],"wp:attachment":[{"href":"https:\/\/linitiative.ca\/International\/wp-json\/wp\/v2\/media?parent=27976"}],"wp:term":[{"taxonomy":"category","embeddable":true,"href":"https:\/\/linitiative.ca\/International\/wp-json\/wp\/v2\/categories?post=27976"},{"taxonomy":"post_tag","embeddable":true,"href":"https:\/\/linitiative.ca\/International\/wp-json\/wp\/v2\/tags?post=27976"}],"curies":[{"name":"wp","href":"https:\/\/api.w.org\/{rel}","templated":true}]}}