{"id":27978,"date":"2019-04-15T06:00:00","date_gmt":"2019-04-15T10:00:00","guid":{"rendered":"https:\/\/linitiative.ca\/International\/les-arzew-evite-de-justesse-la-relegation\/"},"modified":"2019-04-15T06:00:00","modified_gmt":"2019-04-15T10:00:00","slug":"les-arzew-evite-de-justesse-la-relegation","status":"publish","type":"post","link":"https:\/\/linitiative.ca\/International\/les-arzew-evite-de-justesse-la-relegation\/","title":{"rendered":"L\u2019ES Arzew \u00e9vite de justesse la rel\u00e9gation"},"content":{"rendered":"<p>L\u2019ES Arzew a patient\u00e9 jusqu\u2019\u00e0 la huiti\u00e8me et derni\u00e8re journ\u00e9e des play-downs pour assurer son maintien en Excellence de handball (messieurs) et ce, gr\u00e2ce \u00e0 un meilleur goal-average.<br \/>Le club de la ville p\u00e9trochimique s\u2019est content\u00e9 d\u2019un nul \u00e0 domicile face au MC Sa\u00efda (34-34) samedi pour sa derni\u00e8re sortie de la saison, portant \u00e0 huit son capital-points, soit le m\u00eame nombre d\u2019unit\u00e9s engrang\u00e9 par le CR El-Harrouch et le HBC El Biar, 7e et 8e respectivement au classement et qui quittent d\u00e9sormais l\u2019\u00e9lite. Le pr\u00e9sident de l\u2019ESA, Amine Benmoussa, s\u2019est dit, dans une d\u00e9claration \u00e0 l\u2019APS, soulag\u00e9 par cette issue favorable pour son \u00e9quipe qui a longtemps flirt\u00e9 avec la rel\u00e9gation cette saison. \u00abC\u2019est un maintien inesp\u00e9r\u00e9 au regard des nombreux obstacles auxquels on a fait face. A pr\u00e9sent, il faut tourner la page et en tirer les enseignements n\u00e9cessaires pour que le m\u00eame sc\u00e9nario ne se reproduise plus\u00bb, a-t-il dit. L\u2019ESA, fond\u00e9e en 2009, a r\u00e9alis\u00e9 d\u2019\u00e9normes progr\u00e8s ces derni\u00e8res ann\u00e9es au point o\u00f9 cette formation a r\u00e9ussi \u00e0 signer sa premi\u00e8re participation dans une \u00e9preuve internationale lorsqu\u2019elle a pris part la saison pass\u00e9e \u00e0 la Coupe arabe des vainqueurs de coupe \u00e0 Sfax (Tunisie). La direction du club a r\u00e9ussi \u00e9galement \u00e0 s\u2019offrir le droit d\u2019organiser la nouvelle \u00e9dition de cette m\u00eame comp\u00e9tition qui \u00e9tait pr\u00e9vue \u00e0 Arzew et Oran en mars dernier avant qu\u2019elle ne soit report\u00e9e \u00e0 une date ult\u00e9rieure. Seulement, les prot\u00e9g\u00e9s du pr\u00e9sident Benmoussa ont rencontr\u00e9 plusieurs probl\u00e8mes cette saison, selon leur premier responsable, qui a notamment cit\u00e9 la crise financi\u00e8re aigu\u00eb dans laquelle se d\u00e9bat le club. Cette situation s\u2019est r\u00e9percut\u00e9e n\u00e9gativement sur l\u2018ESA qui a failli conna\u00eetre le m\u00eame sort que celui de son voisin le MC Oran, rel\u00e9gu\u00e9 en fin de saison pass\u00e9e en Nationale 1. En se maintenant en Excellence, l\u2019ESA permet \u00e0 la capitale de l\u2019Ouest du pays d\u2019\u00eatre repr\u00e9sent\u00e9e par deux clubs dans la cour des grands la saison prochaine apr\u00e8s l\u2019accession du MC Oued Tlilet, champion du groupe Centre-Ouest de la Nationale 1 et ce, pour la premi\u00e8re fois de son histoire.<\/p>\n<p>Auteur:<br \/>\n<a href=\"https:\/\/www.lesoirdalgerie.com\/sports\/les-arzew-evite-de-justesse-la-relegation-22309\">Cliquez ici pour lire l&rsquo;article depuis sa source.<\/a><\/p>\n","protected":false},"excerpt":{"rendered":"<p>L\u2019ES Arzew a patient\u00e9 jusqu\u2019\u00e0 la huiti\u00e8me et derni\u00e8re journ\u00e9e des play-downs pour assurer son maintien en Excellence de handball (messieurs) et ce, gr\u00e2ce \u00e0 un meilleur goal-average.Le club de la ville p\u00e9trochimique s\u2019est content\u00e9 d\u2019un nul \u00e0 domicile face au MC Sa\u00efda (34-34) samedi pour sa derni\u00e8re sortie de la saison, portant \u00e0 huit [&hellip;]<\/p>\n","protected":false},"author":1741,"featured_media":0,"comment_status":"closed","ping_status":"closed","sticky":false,"template":"","format":"standard","meta":{"fifu_image_url":"","fifu_image_alt":"","footnotes":""},"categories":[73,53],"tags":[],"class_list":["post-27978","post","type-post","status-publish","format-standard","hentry","category-actualite","category-algerie"],"_links":{"self":[{"href":"https:\/\/linitiative.ca\/International\/wp-json\/wp\/v2\/posts\/27978","targetHints":{"allow":["GET"]}}],"collection":[{"href":"https:\/\/linitiative.ca\/International\/wp-json\/wp\/v2\/posts"}],"about":[{"href":"https:\/\/linitiative.ca\/International\/wp-json\/wp\/v2\/types\/post"}],"author":[{"embeddable":true,"href":"https:\/\/linitiative.ca\/International\/wp-json\/wp\/v2\/users\/1741"}],"replies":[{"embeddable":true,"href":"https:\/\/linitiative.ca\/International\/wp-json\/wp\/v2\/comments?post=27978"}],"version-history":[{"count":0,"href":"https:\/\/linitiative.ca\/International\/wp-json\/wp\/v2\/posts\/27978\/revisions"}],"wp:attachment":[{"href":"https:\/\/linitiative.ca\/International\/wp-json\/wp\/v2\/media?parent=27978"}],"wp:term":[{"taxonomy":"category","embeddable":true,"href":"https:\/\/linitiative.ca\/International\/wp-json\/wp\/v2\/categories?post=27978"},{"taxonomy":"post_tag","embeddable":true,"href":"https:\/\/linitiative.ca\/International\/wp-json\/wp\/v2\/tags?post=27978"}],"curies":[{"name":"wp","href":"https:\/\/api.w.org\/{rel}","templated":true}]}}