{"id":27979,"date":"2019-04-15T06:00:00","date_gmt":"2019-04-15T10:00:00","guid":{"rendered":"https:\/\/linitiative.ca\/International\/zidane-reserve-sur-la-reforme\/"},"modified":"2019-04-15T06:00:00","modified_gmt":"2019-04-15T10:00:00","slug":"zidane-reserve-sur-la-reforme","status":"publish","type":"post","link":"https:\/\/linitiative.ca\/International\/zidane-reserve-sur-la-reforme\/","title":{"rendered":"Zidane r\u00e9serv\u00e9 sur la r\u00e9forme"},"content":{"rendered":"<p>L&rsquo;entra\u00eeneur du Real Madrid Zin\u00e9dine Zidane s&rsquo;est montr\u00e9 hier r\u00e9serv\u00e9 sur l&rsquo;actuel projet de r\u00e9forme de la Ligue des champions, qui en ferait en pratique un club ferm\u00e9 en 2024, estimant \u00abmagnifique\u00bb que des petits clubs puissent aussi conna\u00eetre les frissons de l&rsquo;\u00e9preuve-reine europ\u00e9enne.<br \/>\u00abJe ne sais pas ce qui va se passer, avant toute chose. Beaucoup de choses se disent\u00bb, a d\u00e9clar\u00e9 Zidane en conf\u00e9rence de presse. \u00abPour ceux qui sont (petits), c&rsquo;est certainement beaucoup plus compliqu\u00e9 de pouvoir jouer la Ligue des champions. Je trouve l&rsquo;id\u00e9e sympa quand ils la jouent, j&rsquo;ai toujours pens\u00e9 \u00e7a. Vivre un moment comme celui-l\u00e0, pour ceux qui ne la jouent pas r\u00e9guli\u00e8rement, ou qui la jouent une fois dans une vie, c&rsquo;est magnifique. \u00c7a, c&rsquo;est mon c\u00f4t\u00e9 personnel\u00bb, a fait valoir le technicien fran\u00e7ais. Selon diff\u00e9rents m\u00e9dias, le projet de l&rsquo;UEFA et de l&rsquo;Association europ\u00e9enne des clubs (ECA) se rapprocherait d&rsquo;une ligue ferm\u00e9e \u00e0 compter de la saison 2024, les six premiers de chaque poule de huit \u00e9tant directement qualifi\u00e9s pour l&rsquo;\u00e9dition suivante, ind\u00e9pendamment de leur classement en championnat. Ce qui en pratique favoriserait les g\u00e9ants continentaux, comme le Real Madrid, d\u00e9tenteur du record de victoires dans l&rsquo;\u00e9preuve (13 titres). Zidane a n\u00e9anmoins pr\u00e9cis\u00e9 que ce n&rsquo;\u00e9tait que son \u00abavis personnel\u00bb. \u00abComme dans le foot on a toujours envie de progresser, de faire avancer les choses&#8230; Oui, il faut toujours un \u00e9quilibre. Mais je ne sais pas comment \u00e7a va se passer, on verra\u00bb, a-t-il fait valoir. Le Real Madrid, triple tenant de la C1, a \u00e9t\u00e9 \u00e9limin\u00e9 pr\u00e9cocement cette saison, de m\u00eame que l&rsquo;Atl\u00e9tico Madrid. Du coup, l&rsquo;Espagne ne compte qu&rsquo;un seul repr\u00e9sentant en quarts, le FC Barcelone, contre quatre pour l&rsquo;Angleterre (les deux Manchester, Tottenham et Liverpool). \u00abJe ne pense pas que le cycle espagnol soit menac\u00e9\u00bb, a tranch\u00e9 Zidane, tout en saluant le travail d&rsquo;entra\u00eeneurs \u00e9trangers comme Pep Guardiola, J\u00fcrgen Klopp ou Mauricio Pochettino en Premier League. \u00abC&rsquo;est un football qui est \u00e0 chaque fois en progression, \u00e7a ne m&rsquo;\u00e9tonne pas de voir les clubs anglais. Parce que les entra\u00eeneurs qui sont \u00e0 la t\u00eate de ces \u00e9quipes-l\u00e0 am\u00e8nent leur nouveaut\u00e9, leur savoir-faire, qui est diff\u00e9rent. L&rsquo;association peut \u00eatre bonne. Mais \u00e7a n&#8217;emp\u00eachera pas que le football espagnol a toujours sa place, d\u00e8s l&rsquo;ann\u00e9e prochaine, m\u00eame si cette ann\u00e9e \u00e7a a \u00e9t\u00e9 un peu moins le cas\u00bb, a-t-il conclu.<\/p>\n<p>Auteur:<br \/>\n<a href=\"https:\/\/www.lesoirdalgerie.com\/sports\/zidane-reserve-sur-la-reforme-22308\">Cliquez ici pour lire l&rsquo;article depuis sa source.<\/a><\/p>\n","protected":false},"excerpt":{"rendered":"<p>L&rsquo;entra\u00eeneur du Real Madrid Zin\u00e9dine Zidane s&rsquo;est montr\u00e9 hier r\u00e9serv\u00e9 sur l&rsquo;actuel projet de r\u00e9forme de la Ligue des champions, qui en ferait en pratique un club ferm\u00e9 en 2024, estimant \u00abmagnifique\u00bb que des petits clubs puissent aussi conna\u00eetre les frissons de l&rsquo;\u00e9preuve-reine europ\u00e9enne.\u00abJe ne sais pas ce qui va se passer, avant toute chose. [&hellip;]<\/p>\n","protected":false},"author":1741,"featured_media":0,"comment_status":"closed","ping_status":"closed","sticky":false,"template":"","format":"standard","meta":{"fifu_image_url":"","fifu_image_alt":"","footnotes":""},"categories":[73,53],"tags":[],"class_list":["post-27979","post","type-post","status-publish","format-standard","hentry","category-actualite","category-algerie"],"_links":{"self":[{"href":"https:\/\/linitiative.ca\/International\/wp-json\/wp\/v2\/posts\/27979","targetHints":{"allow":["GET"]}}],"collection":[{"href":"https:\/\/linitiative.ca\/International\/wp-json\/wp\/v2\/posts"}],"about":[{"href":"https:\/\/linitiative.ca\/International\/wp-json\/wp\/v2\/types\/post"}],"author":[{"embeddable":true,"href":"https:\/\/linitiative.ca\/International\/wp-json\/wp\/v2\/users\/1741"}],"replies":[{"embeddable":true,"href":"https:\/\/linitiative.ca\/International\/wp-json\/wp\/v2\/comments?post=27979"}],"version-history":[{"count":0,"href":"https:\/\/linitiative.ca\/International\/wp-json\/wp\/v2\/posts\/27979\/revisions"}],"wp:attachment":[{"href":"https:\/\/linitiative.ca\/International\/wp-json\/wp\/v2\/media?parent=27979"}],"wp:term":[{"taxonomy":"category","embeddable":true,"href":"https:\/\/linitiative.ca\/International\/wp-json\/wp\/v2\/categories?post=27979"},{"taxonomy":"post_tag","embeddable":true,"href":"https:\/\/linitiative.ca\/International\/wp-json\/wp\/v2\/tags?post=27979"}],"curies":[{"name":"wp","href":"https:\/\/api.w.org\/{rel}","templated":true}]}}