{"id":27989,"date":"2019-04-15T07:25:52","date_gmt":"2019-04-15T11:25:52","guid":{"rendered":"https:\/\/linitiative.ca\/International\/lespagnol-hermex-ferme-sa-filiale-marocaine\/"},"modified":"2019-04-15T07:25:52","modified_gmt":"2019-04-15T11:25:52","slug":"lespagnol-hermex-ferme-sa-filiale-marocaine","status":"publish","type":"post","link":"https:\/\/linitiative.ca\/International\/lespagnol-hermex-ferme-sa-filiale-marocaine\/","title":{"rendered":"L\u2019espagnol Hermex ferme sa filiale marocaine"},"content":{"rendered":"<p class=\"p1\">Le leader ib\u00e9rique des \u00e9quipements et mobiliers pour enfants (tous usages confondus), n\u2019a plus les yeux de Chim\u00e8ne pour le Maroc. En effet, <strong>Hermex Iberica<\/strong> vient de liquider sa filiale marocaine qu\u2019il avait cr\u00e9\u00e9e quatre ans auparavant, pour s\u2019attaquer au march\u00e9 marocain en la dotant de moyens logistiques importants.<\/p>\n<div class=\"c6\"\/>\n<p class=\"p2\">Il faut dire qu\u2019Hermex Maroc n\u2019a pas r\u00e9ellement connu son envol, avec un chiffre d\u2019affaires n\u2019ayant jamais d\u00e9pass\u00e9 quelque millions de dirhams. Par cons\u00e9quent, la maison m\u00e8re qui en avait fait sa premi\u00e8re implantation en dehors de la p\u00e9ninsule ib\u00e9rique, a pr\u00e9f\u00e9r\u00e9 se recentrer sur son march\u00e9 domestique qu\u2019elle domine depuis plus d\u2019une d\u00e9cennie, avec pr\u00e8s de 30.000 clients servis en trente ann\u00e9es d\u2019existence.<\/p>\n<p class=\"p2\">Le march\u00e9 marocain o\u00f9 Hermex Iberica a d\u00e9j\u00e0 accompagn\u00e9 tout de m\u00eame quelque dizaines de clients de divers horizons (cr\u00e8ches, \u00e9coles primaires et secondaires, cliniques pour enfants ou encore h\u00f4tels de luxe pour leurs clubs pour enfants\u2026), continuera \u00e0 \u00eatre couvert directement \u00e0 l\u2019export \u00e0 partir du si\u00e8ge du groupe \u00e0 Madrid.<\/p>\n<p class=\"p2\"><span class=\"s1\">Rappelons que le march\u00e9 du mobilier pour enfants au Maroc est des plus \u00e9clat\u00e9s, avec une foultitude de revendeurs et importateurs de produits import\u00e9s d\u2019Europe, mais \u00e9galement de la Chine et de plus en plus de la Turquie, dont quelques acteurs ont pris des positions importantes \u00e0 l\u2019\u00e9chelle mondiale, tels que Oner Moduler Mobilya San (plus connu par sa marque NewJoy) qui est repr\u00e9sent\u00e9 au Maroc par NewJoy Maroc.<\/span><\/p>\n<p class=\"p2\"><span class=\"s1\">Aussi, avec une offre qui demeure parcellaire face \u00e0 une demande qui progresse \u00e0 deux chiffres, aucun acteur dominant ne se d\u00e9marque notamment parmi les industriels marocains du mobilier, qui ont tous n\u00e9glig\u00e9 ce cr\u00e9neau porteur.<\/span><\/p>\n<div class=\"c13\">\n<fieldset class=\"c12\">\n<legend><strong><span class=\"c7\">Challenge<\/span><span class=\"c8\">news<\/span><\/strong><\/legend>\n<div class=\"c11\">Le meilleur de la r\u00e9daction s\u00e9lectionn\u00e9 par Challenge :<\/p>\n<\/div>\n<\/fieldset>\n<\/div>\n<p>Auteur: challenge<br \/>\n<a href=\"https:\/\/www.challenge.ma\/lespagnol-hermex-ferme-sa-filiale-marocaine-107660\/\">Cliquez ici pour lire l&rsquo;article depuis sa source.<\/a><\/p>\n","protected":false},"excerpt":{"rendered":"<p>Le leader ib\u00e9rique des \u00e9quipements et mobiliers pour enfants (tous usages confondus), n\u2019a plus les yeux de Chim\u00e8ne pour le Maroc. En effet, Hermex Iberica vient de liquider sa filiale marocaine qu\u2019il avait cr\u00e9\u00e9e quatre ans auparavant, pour s\u2019attaquer au march\u00e9 marocain en la dotant de moyens logistiques importants. Il faut dire qu\u2019Hermex Maroc n\u2019a [&hellip;]<\/p>\n","protected":false},"author":1787,"featured_media":0,"comment_status":"closed","ping_status":"closed","sticky":false,"template":"","format":"standard","meta":{"fifu_image_url":"","fifu_image_alt":"","footnotes":""},"categories":[78,54],"tags":[],"class_list":["post-27989","post","type-post","status-publish","format-standard","hentry","category-economie","category-maroc"],"_links":{"self":[{"href":"https:\/\/linitiative.ca\/International\/wp-json\/wp\/v2\/posts\/27989","targetHints":{"allow":["GET"]}}],"collection":[{"href":"https:\/\/linitiative.ca\/International\/wp-json\/wp\/v2\/posts"}],"about":[{"href":"https:\/\/linitiative.ca\/International\/wp-json\/wp\/v2\/types\/post"}],"author":[{"embeddable":true,"href":"https:\/\/linitiative.ca\/International\/wp-json\/wp\/v2\/users\/1787"}],"replies":[{"embeddable":true,"href":"https:\/\/linitiative.ca\/International\/wp-json\/wp\/v2\/comments?post=27989"}],"version-history":[{"count":0,"href":"https:\/\/linitiative.ca\/International\/wp-json\/wp\/v2\/posts\/27989\/revisions"}],"wp:attachment":[{"href":"https:\/\/linitiative.ca\/International\/wp-json\/wp\/v2\/media?parent=27989"}],"wp:term":[{"taxonomy":"category","embeddable":true,"href":"https:\/\/linitiative.ca\/International\/wp-json\/wp\/v2\/categories?post=27989"},{"taxonomy":"post_tag","embeddable":true,"href":"https:\/\/linitiative.ca\/International\/wp-json\/wp\/v2\/tags?post=27989"}],"curies":[{"name":"wp","href":"https:\/\/api.w.org\/{rel}","templated":true}]}}