{"id":27994,"date":"2019-04-15T15:23:59","date_gmt":"2019-04-15T19:23:59","guid":{"rendered":"https:\/\/linitiative.ca\/International\/video-paris-856-ans-dhistoire-francaise-en-feu\/"},"modified":"2019-04-15T15:23:59","modified_gmt":"2019-04-15T19:23:59","slug":"video-paris-856-ans-dhistoire-francaise-en-feu","status":"publish","type":"post","link":"https:\/\/linitiative.ca\/International\/video-paris-856-ans-dhistoire-francaise-en-feu\/","title":{"rendered":"Vid\u00e9o. Paris : 856 ans d\u2019histoire fran\u00e7aise en feu"},"content":{"rendered":"<p>Un impressionnant incendie\u00a0s\u2019est d\u00e9clench\u00e9, lundi, peu avant 20 heures \u00e0 la cath\u00e9drale <strong>Notre-Dame de Paris.<\/strong><\/p>\n<div class=\"c10\"\/>\n<p>Le feu, dont la gravit\u00e9 restait encore \u00e0 d\u00e9terminer, a pris, aux alentours de 18h50, dans les combles de la cath\u00e9drale, monument historique le plus visit\u00e9 d\u2019Europe, ont indiqu\u00e9 les pompiers.<\/p>\n<p><iframe loading=\"lazy\" width=\"1140\" height=\"641\" src=\"https:\/\/www.youtube.com\/embed\/FRGuJ0wVD-Y?feature=oembed\" frameborder=\"0\" allow=\"accelerometer; autoplay; encrypted-media; gyroscope; picture-in-picture\" allowfullscreen=\"\">[embedded content]<\/iframe><\/p>\n<p>D\u2019immenses flammes d\u00e9voraient en d\u00e9but de soir\u00e9e une partie de la toiture du b\u00e2timent, d\u00e9gageant une \u00e9paisse fum\u00e9e aux teintes jaun\u00e2tres potentiellement li\u00e9 aux travaux de r\u00e9novation de l\u2019\u00e9difice.<\/p>\n<p>Cet incendie a eu lieu en parall\u00e8le au premier jour des c\u00e9l\u00e9brations de la Semaine sainte qui m\u00e8ne \u00e0 P\u00e2ques (principale f\u00eate chr\u00e9tienne).<\/p>\n<div class=\"c17\">\n<fieldset class=\"c16\">\n<legend><strong><span class=\"c11\">Challenge<\/span><span class=\"c12\">news<\/span><\/strong><\/legend>\n<div class=\"c15\">Le meilleur de la r\u00e9daction s\u00e9lectionn\u00e9 par Challenge :<\/p>\n<\/div>\n<\/fieldset>\n<\/div>\n<p>Auteur: challenge<br \/>\n<a href=\"https:\/\/www.challenge.ma\/video-paris-856-ans-dhistoire-francaise-en-feu-107690\/\">Cliquez ici pour lire l&rsquo;article depuis sa source.<\/a><\/p>\n","protected":false},"excerpt":{"rendered":"<p>Un impressionnant incendie\u00a0s\u2019est d\u00e9clench\u00e9, lundi, peu avant 20 heures \u00e0 la cath\u00e9drale Notre-Dame de Paris. Le feu, dont la gravit\u00e9 restait encore \u00e0 d\u00e9terminer, a pris, aux alentours de 18h50, dans les combles de la cath\u00e9drale, monument historique le plus visit\u00e9 d\u2019Europe, ont indiqu\u00e9 les pompiers. [embedded content] D\u2019immenses flammes d\u00e9voraient en d\u00e9but de soir\u00e9e [&hellip;]<\/p>\n","protected":false},"author":1787,"featured_media":0,"comment_status":"closed","ping_status":"closed","sticky":false,"template":"","format":"standard","meta":{"fifu_image_url":"","fifu_image_alt":"","footnotes":""},"categories":[78,54],"tags":[],"class_list":["post-27994","post","type-post","status-publish","format-standard","hentry","category-economie","category-maroc"],"_links":{"self":[{"href":"https:\/\/linitiative.ca\/International\/wp-json\/wp\/v2\/posts\/27994","targetHints":{"allow":["GET"]}}],"collection":[{"href":"https:\/\/linitiative.ca\/International\/wp-json\/wp\/v2\/posts"}],"about":[{"href":"https:\/\/linitiative.ca\/International\/wp-json\/wp\/v2\/types\/post"}],"author":[{"embeddable":true,"href":"https:\/\/linitiative.ca\/International\/wp-json\/wp\/v2\/users\/1787"}],"replies":[{"embeddable":true,"href":"https:\/\/linitiative.ca\/International\/wp-json\/wp\/v2\/comments?post=27994"}],"version-history":[{"count":0,"href":"https:\/\/linitiative.ca\/International\/wp-json\/wp\/v2\/posts\/27994\/revisions"}],"wp:attachment":[{"href":"https:\/\/linitiative.ca\/International\/wp-json\/wp\/v2\/media?parent=27994"}],"wp:term":[{"taxonomy":"category","embeddable":true,"href":"https:\/\/linitiative.ca\/International\/wp-json\/wp\/v2\/categories?post=27994"},{"taxonomy":"post_tag","embeddable":true,"href":"https:\/\/linitiative.ca\/International\/wp-json\/wp\/v2\/tags?post=27994"}],"curies":[{"name":"wp","href":"https:\/\/api.w.org\/{rel}","templated":true}]}}