{"id":27995,"date":"2019-04-15T15:31:18","date_gmt":"2019-04-15T19:31:18","guid":{"rendered":"https:\/\/linitiative.ca\/International\/il-fait-lactu-aziz-rabbah-ministre-de-lenergie-des-mines-et-du-developpement-durable\/"},"modified":"2019-04-15T15:31:18","modified_gmt":"2019-04-15T19:31:18","slug":"il-fait-lactu-aziz-rabbah-ministre-de-lenergie-des-mines-et-du-developpement-durable","status":"publish","type":"post","link":"https:\/\/linitiative.ca\/International\/il-fait-lactu-aziz-rabbah-ministre-de-lenergie-des-mines-et-du-developpement-durable\/","title":{"rendered":"Il fait l\u2019actu : Aziz Rabbah, ministre de l\u2019Energie, des Mines et du D\u00e9veloppement durable"},"content":{"rendered":"<p>La dynamique que conna\u00eet la province de Ouarzazate en mati\u00e8re de parach\u00e8vement de l\u2019\u00e9lectrification, de mise en valeur des ressources mini\u00e8res et de d\u00e9veloppement durable favorisera la cr\u00e9ation d\u2019une \u00ab\u00a0valeur ajout\u00e9e\u00a0\u00bb sur les plans \u00e9conomique et social, a affirm\u00e9 le ministre de l\u2019Energie, des Mines et du D\u00e9veloppement durable, <strong>Aziz Rabbah<\/strong>.<\/p>\n<div class=\"c10\"\/>\n<p>Dans une d\u00e9claration \u00e0 la MAP en marge de sa visite effectu\u00e9e \u00e0 plusieurs projets de d\u00e9veloppement dans la province, Rabbah a indiqu\u00e9 que la r\u00e9gion de Dr\u00e2a-Tafilalet regorge de plusieurs atouts dans divers domaines qui peuvent constituer un v\u00e9ritable levier pour le d\u00e9veloppement.<\/p>\n<p>Dans ce sens, il a mis en exergue le d\u00e9veloppement des infrastructures dans le secteur du transport ainsi que les grands projets routiers en vue d\u2019assurer la fluidit\u00e9 de la circulation des personnes et du transport des marchandises, tout en mettant en avant le progr\u00e8s enregistr\u00e9 dans les secteurs minier et \u00e9nerg\u00e9tique, ainsi que l\u2019\u00e9conomie des oasis dans ses volets agricole et \u00e9cologique.<\/p>\n<p>Il a aussi relev\u00e9 que la r\u00e9gion pourrait conna\u00eetre un d\u00e9veloppement au niveau du tourisme oasien, m\u00e9dical et saharien, pr\u00e9cisant que l\u2019ensemble des \u00e9lus de la r\u00e9gion, des provinces et des villes sont conscients que ces domaines de d\u00e9veloppement requi\u00e8rent un partenariat solide entre la r\u00e9gion, les provinces et les d\u00e9partements minist\u00e9riels.<\/p>\n<p>Le ministre a, en outre, \u00e9mis le v\u0153u de voir la dynamique que conna\u00eet le Royaume en mati\u00e8re de r\u00e9vision du syst\u00e8me et de mise \u00e0 niveau des institutions d\u00e9di\u00e9s \u00e0 l\u2019investissement donner une forte impulsion \u00e0 la r\u00e9gion, surtout qu\u2019elle a occup\u00e9 un excellent rang en mati\u00e8re de cr\u00e9ation de postes d\u2019emplois.<\/p>\n<p>Vendredi, Rabbah s\u2019\u00e9tait enquis du projet d\u2019\u00e9lectrification de plusieurs douars dans la commune de Skoura (province de Ouarzazate) pour une enveloppe de plus de 4 millions de DH.<\/p>\n<p>Le ministre a \u00e9galement visit\u00e9 une usine construite par un jeune de Tinghir qui a cr\u00e9\u00e9 de nombreuses soci\u00e9t\u00e9s dont certaines op\u00e9rant dans le secteur minier, et s\u2019est enquis aussi d\u2019un projet d\u00e9di\u00e9 au cuivre qui emploie 60 personnes, majoritairement issus de la r\u00e9gion, dans l\u2019optique que ce chiffre atteigne \u00e0 l\u2019avenir 200 employ\u00e9s.<\/p>\n<div class=\"c17\">\n<fieldset class=\"c16\">\n<legend><strong><span class=\"c11\">Challenge<\/span><span class=\"c12\">news<\/span><\/strong><\/legend>\n<div class=\"c15\">Le meilleur de la r\u00e9daction s\u00e9lectionn\u00e9 par Challenge :<\/p>\n<\/div>\n<\/fieldset>\n<\/div>\n<p>Auteur: challenge<br \/>\n<a href=\"https:\/\/www.challenge.ma\/il-fait-lactu-aziz-rabbah-ministre-de-lenergie-des-mines-et-du-developpement-durable-107687\/\">Cliquez ici pour lire l&rsquo;article depuis sa source.<\/a><\/p>\n","protected":false},"excerpt":{"rendered":"<p>La dynamique que conna\u00eet la province de Ouarzazate en mati\u00e8re de parach\u00e8vement de l\u2019\u00e9lectrification, de mise en valeur des ressources mini\u00e8res et de d\u00e9veloppement durable favorisera la cr\u00e9ation d\u2019une \u00ab\u00a0valeur ajout\u00e9e\u00a0\u00bb sur les plans \u00e9conomique et social, a affirm\u00e9 le ministre de l\u2019Energie, des Mines et du D\u00e9veloppement durable, Aziz Rabbah. Dans une d\u00e9claration \u00e0 [&hellip;]<\/p>\n","protected":false},"author":1787,"featured_media":0,"comment_status":"closed","ping_status":"closed","sticky":false,"template":"","format":"standard","meta":{"fifu_image_url":"","fifu_image_alt":"","footnotes":""},"categories":[78,54],"tags":[],"class_list":["post-27995","post","type-post","status-publish","format-standard","hentry","category-economie","category-maroc"],"_links":{"self":[{"href":"https:\/\/linitiative.ca\/International\/wp-json\/wp\/v2\/posts\/27995","targetHints":{"allow":["GET"]}}],"collection":[{"href":"https:\/\/linitiative.ca\/International\/wp-json\/wp\/v2\/posts"}],"about":[{"href":"https:\/\/linitiative.ca\/International\/wp-json\/wp\/v2\/types\/post"}],"author":[{"embeddable":true,"href":"https:\/\/linitiative.ca\/International\/wp-json\/wp\/v2\/users\/1787"}],"replies":[{"embeddable":true,"href":"https:\/\/linitiative.ca\/International\/wp-json\/wp\/v2\/comments?post=27995"}],"version-history":[{"count":0,"href":"https:\/\/linitiative.ca\/International\/wp-json\/wp\/v2\/posts\/27995\/revisions"}],"wp:attachment":[{"href":"https:\/\/linitiative.ca\/International\/wp-json\/wp\/v2\/media?parent=27995"}],"wp:term":[{"taxonomy":"category","embeddable":true,"href":"https:\/\/linitiative.ca\/International\/wp-json\/wp\/v2\/categories?post=27995"},{"taxonomy":"post_tag","embeddable":true,"href":"https:\/\/linitiative.ca\/International\/wp-json\/wp\/v2\/tags?post=27995"}],"curies":[{"name":"wp","href":"https:\/\/api.w.org\/{rel}","templated":true}]}}