{"id":27996,"date":"2019-04-15T15:52:18","date_gmt":"2019-04-15T19:52:18","guid":{"rendered":"https:\/\/linitiative.ca\/International\/incendie-de-notre-dame-de-paris-immense-emotion-internationale\/"},"modified":"2019-04-15T15:52:18","modified_gmt":"2019-04-15T19:52:18","slug":"incendie-de-notre-dame-de-paris-immense-emotion-internationale","status":"publish","type":"post","link":"https:\/\/linitiative.ca\/International\/incendie-de-notre-dame-de-paris-immense-emotion-internationale\/","title":{"rendered":"Incendie de Notre Dame de Paris : immense \u00e9motion internationale"},"content":{"rendered":"<p>Les Fran\u00e7ais \u00e9taient lundi soir sous le choc du violent incendie ravageant l\u2019embl\u00e9matique de la cath\u00e9drale Notre-Dame de Paris qui a fait s\u2019effondrer la fl\u00e8che du monument historique le plus visit\u00e9 d\u2019Europe, et dont les images, v\u00e9ritable cr\u00e8ve-coeur, ont provoqu\u00e9 l\u2019\u00e9motion dans le monde entier.<\/p>\n<div class=\"c10\"\/>\n<p>\u00ab\u00a0Notre-Dame de Paris en proie aux flammes. \u00c9motion de toute une nation. Pens\u00e9e pour tous les catholiques et pour tous les Fran\u00e7ais. Comme tous nos compatriotes, je suis triste ce soir de voir br\u00fbler cette part de nous\u00a0\u00bb, a d\u00e9clar\u00e9 lundi soir sur Twitter le pr\u00e9sident fran\u00e7ais Emmanuel Macron.<\/p>\n<p>Sur place, Parisiens et touristes, certains en larmes, n\u2019en croyaient pas leurs yeux.<\/p>\n<p>Cet incendie, d\u2019origine inconnue, est \u00ab\u00a0potentiellement li\u00e9\u00a0\u00bb aux travaux de r\u00e9novation de l\u2019\u00e9difice, selon les pompiers. Cet incendie s\u2019est d\u00e9clar\u00e9 au premier jour de la Semaine sainte, tr\u00e8s importante f\u00eate chr\u00e9tienne.<\/p>\n<p>Au del\u00e0 des fronti\u00e8res, plusieurs responsables \u00e9trangers ont fait part de leur \u00e9motion, le pr\u00e9sident am\u00e9ricain Donald Trump \u00e9voquant des \u00ab\u00a0images terribles \u00e0 voir\u00a0\u00bb et la chanceli\u00e8re allemande Angela Merkel \u00ab\u00a0un symbole de la France et de notre culture europ\u00e9enne\u00a0\u00bb.<\/p>\n<p>\u00ab\u00a0Sc\u00e8nes d\u00e9chirantes de la cath\u00e9drale Notre-Dame en flammes. Londres est dans la tristesse avec Paris aujourd\u2019hui, et dans l\u2019amiti\u00e9 toujours\u00a0\u00bb, a d\u00e9clar\u00e9 pour sa part le maire de Londres Sadiq Khan sur Twitter.<\/p>\n<p>L\u2019ambassade du Maroc \u00e0 Paris a dit \u00ab\u00a0partager l\u2019immense \u00e9motion des Parisiens et des Fran\u00e7ais\u00a0\u00bb face \u00e0 l\u2019incendie qui ravage \u00ab\u00a0un des plus beaux symboles de l\u2019Histoire fran\u00e7aise\u00a0\u00bb.<\/p>\n<p>L\u2019organisation des Nations unies pour la culture, l\u2019Unesco, se tient aux \u00ab\u00a0c\u00f4t\u00e9s de la France pour sauvegarder et r\u00e9habiliter ce patrimoine inestimable\u00a0\u00bb qu\u2019est la cath\u00e9drale Notre-Dame, a tweet\u00e9 sa directrice G\u00e9n\u00e9rale Audrey Azoulay.<\/p>\n<p>Inscrite au patrimoine mondial de l\u2019humanit\u00e9 depuis 1991, la cath\u00e9drale gothique est b\u00e2tie sur l\u2019\u00eele de la Cit\u00e9, en plein coeur de Paris. Environ 13 millions de touristes visitent le monument chaque ann\u00e9e.<\/p>\n<p>Selon des journalistes de l\u2019AFP, l\u2019\u00e9paisse fum\u00e9e aux teintes jaun\u00e2tres qui se d\u00e9gageait de l\u2019\u00e9difice \u00e9tait moins dense vers 18h30 GMT, mais des badauds et touristes se pressaient toujours aux alentours du p\u00e9rim\u00e8tre de s\u00e9curit\u00e9 \u00e9tabli par les secours.<\/p>\n<p>L\u2019incendie, qui s\u2019est propag\u00e9e extr\u00eamement rapidement, a pris dans les combles de la cath\u00e9drale, ont indiqu\u00e9 les pompiers, \u00e9voquant \u00ab\u00a0un feu difficile\u00a0\u00bb. Il semble \u00eatre parti au niveau d\u2019\u00e9chafaudages install\u00e9s sur le toit de l\u2019\u00e9difice, construit entre le XIIe et le XIVe si\u00e8cle.<\/p>\n<p>\u00ab\u00a0Tout est en train de br\u00fbler. La charpente, qui date du XIXe si\u00e8cle d\u2019un c\u00f4t\u00e9 et du XIIIe de l\u2019autre, il n\u2019en restera plus rien\u00a0\u00bb, a indiqu\u00e9 \u00e0 l\u2019AFP Andr\u00e9 Finot, le porte-parole de Notre-Dame.<\/p>\n<p>\u00ab\u00a0Un haut-lieu de la foi catholique est en train de br\u00fbler\u00a0\u00bb, a de son c\u00f4t\u00e9 d\u00e9plor\u00e9 aupr\u00e8s de l\u2019AFP le porte-parole de la Conf\u00e9rence des \u00e9v\u00eaques de France (CEF).<\/p>\n<p>Emmanuel Macron a annul\u00e9 une importante allocution tr\u00e8s attendue et pr\u00e9vue lundi soir en r\u00e9ponse \u00e0 la crise des \u00ab\u00a0gilets jaunes\u00a0\u00bb qui dure depuis cinq mois en France pour se rendre sur place.<\/p>\n<p>Le pr\u00e9sident venait d\u2019enregistrer son allocution t\u00e9l\u00e9vis\u00e9e, report\u00e9e pour l\u2019instant sans nouvelle date annonc\u00e9e. Le Premier ministre Edouard Philippe \u00e9tait \u00e9galement sur place.<\/p>\n<p>Une foule agglutin\u00e9e sur les quais et \u00e0 un carrefour \u00e0 proximit\u00e9 du monument recevaient des cendres et des petits morceaux de mati\u00e8re en feu, a constat\u00e9 une journaliste de l\u2019AFP. Beaucoup se cachaient le visage de leurs \u00e9charpes pour se prot\u00e9ger des fum\u00e9es. Ils prenaient des photos, racontant \u00e0 des proches au t\u00e9l\u00e9phone le nuage de fum\u00e9e jaune, les cendres, l\u2019affolement, la tristesse.<\/p>\n<p>\u00ab\u00a0Elle a mille ans\u00a0\u00bb, explique calmement un homme \u00e0 sa fille d\u2019une dizaine d\u2019ann\u00e9es.<\/p>\n<p>La maire de Paris Anne Hidalgo a d\u00e9plor\u00e9 un \u00ab\u00a0terrible incendie\u00a0\u00bb, alors que des milliers de parisiens se massaient sur les ponts de l\u2019\u00eele de la Cit\u00e9, tristes face \u00e0 la destruction d\u2019un monument v\u00e9ritablement inscrit dans l\u2019ADN de Paris et de la France.<\/p>\n<p>Des images tr\u00e8s impressionnantes de l\u2019incendie \u00e9taient diffus\u00e9es en direct par t\u00e9l\u00e9visions et r\u00e9seaux sociaux en France.<\/p>\n<p>En d\u00e9but de soir\u00e9e, la fl\u00e8che, dress\u00e9e sur les quatre piliers du transept avec ses 93 m\u00e8tres de haut, s\u2019est effondr\u00e9e.<\/p>\n<p>\u00ab\u00a0C\u2019est de la folie, je n\u2019arrive pas \u00e0 y croire, j\u2019ai envie de pleurer, tout le toit br\u00fble\u00a0\u00bb, a d\u00e9clar\u00e9 \u00e0 l\u2019AFP \u00e0 proximit\u00e9 de la cath\u00e9drale Nathalie, 50 ans, Fran\u00e7aise qui vit \u00e0 Londres.<\/p>\n<p>\u00ab\u00a0D\u00e9sormais une mission particuli\u00e8re a \u00e9t\u00e9 engag\u00e9e pour tenter de sauver toutes les oeuvres d\u2019art qui peuvent l\u2019\u00eatre\u00a0\u00bb, a expliqu\u00e9 l\u2019adjoint \u00e0 la maire de Paris, Emmanuel Gr\u00e9goire.<\/p>\n<p>Les touristes d\u2019outre-Atlantique sont notamment particuli\u00e8rement attach\u00e9s \u00e0 Quasimodo et aux autres personnages \u2013 immortalis\u00e9s par le cin\u00e9ma et la com\u00e9die musicale \u2013 sortis de l\u2019imaginaire de Victor Hugo.<\/p>\n<div class=\"c17\">\n<fieldset class=\"c16\">\n<legend><strong><span class=\"c11\">Challenge<\/span><span class=\"c12\">news<\/span><\/strong><\/legend>\n<div class=\"c15\">Le meilleur de la r\u00e9daction s\u00e9lectionn\u00e9 par Challenge :<\/p>\n<\/div>\n<\/fieldset>\n<\/div>\n<p>Auteur: challenge<br \/>\n<a href=\"https:\/\/www.challenge.ma\/incendie-de-notre-dame-de-paris-immense-emotion-internationale-107695\/\">Cliquez ici pour lire l&rsquo;article depuis sa source.<\/a><\/p>\n","protected":false},"excerpt":{"rendered":"<p>Les Fran\u00e7ais \u00e9taient lundi soir sous le choc du violent incendie ravageant l\u2019embl\u00e9matique de la cath\u00e9drale Notre-Dame de Paris qui a fait s\u2019effondrer la fl\u00e8che du monument historique le plus visit\u00e9 d\u2019Europe, et dont les images, v\u00e9ritable cr\u00e8ve-coeur, ont provoqu\u00e9 l\u2019\u00e9motion dans le monde entier. \u00ab\u00a0Notre-Dame de Paris en proie aux flammes. \u00c9motion de toute [&hellip;]<\/p>\n","protected":false},"author":1787,"featured_media":0,"comment_status":"closed","ping_status":"closed","sticky":false,"template":"","format":"standard","meta":{"fifu_image_url":"","fifu_image_alt":"","footnotes":""},"categories":[78,54],"tags":[],"class_list":["post-27996","post","type-post","status-publish","format-standard","hentry","category-economie","category-maroc"],"_links":{"self":[{"href":"https:\/\/linitiative.ca\/International\/wp-json\/wp\/v2\/posts\/27996","targetHints":{"allow":["GET"]}}],"collection":[{"href":"https:\/\/linitiative.ca\/International\/wp-json\/wp\/v2\/posts"}],"about":[{"href":"https:\/\/linitiative.ca\/International\/wp-json\/wp\/v2\/types\/post"}],"author":[{"embeddable":true,"href":"https:\/\/linitiative.ca\/International\/wp-json\/wp\/v2\/users\/1787"}],"replies":[{"embeddable":true,"href":"https:\/\/linitiative.ca\/International\/wp-json\/wp\/v2\/comments?post=27996"}],"version-history":[{"count":0,"href":"https:\/\/linitiative.ca\/International\/wp-json\/wp\/v2\/posts\/27996\/revisions"}],"wp:attachment":[{"href":"https:\/\/linitiative.ca\/International\/wp-json\/wp\/v2\/media?parent=27996"}],"wp:term":[{"taxonomy":"category","embeddable":true,"href":"https:\/\/linitiative.ca\/International\/wp-json\/wp\/v2\/categories?post=27996"},{"taxonomy":"post_tag","embeddable":true,"href":"https:\/\/linitiative.ca\/International\/wp-json\/wp\/v2\/tags?post=27996"}],"curies":[{"name":"wp","href":"https:\/\/api.w.org\/{rel}","templated":true}]}}