{"id":28015,"date":"2019-04-15T15:36:20","date_gmt":"2019-04-15T19:36:20","guid":{"rendered":"https:\/\/linitiative.ca\/International\/tunisie-lapplication-dinscription-a-distance-des-electeurs-ne-marche-pas\/"},"modified":"2019-04-15T15:36:20","modified_gmt":"2019-04-15T19:36:20","slug":"tunisie-lapplication-dinscription-a-distance-des-electeurs-ne-marche-pas","status":"publish","type":"post","link":"https:\/\/linitiative.ca\/International\/tunisie-lapplication-dinscription-a-distance-des-electeurs-ne-marche-pas\/","title":{"rendered":"Tunisie \u2013 L\u2019application d\u2019inscription \u00e0 distance des \u00e9lecteurs ne marche pas\u00a0!"},"content":{"rendered":"<div class=\"post-cont-in left relative\">\n<div class=\"nc_socialPanel swp_flatFresh swp_d_fullColor swp_i_fullColor swp_o_fullColor scale-100 scale-fullWidth\" data-position=\"none\" data-float=\"floatNone\" data-count=\"5\" data-floatcolor=\"#ffffff\" data-emphasize=\"0\">\n<div class=\"nc_tweetContainer totes totesalt\" data-id=\"6\"><span class=\"swp_count\"><span class=\"swp_label\">Partages<\/span> 22<\/span><\/div>\n<\/div>\n<p>Un ressortissant tunisien r\u00e9sidant dans le sud de la France, a fait par de sa col\u00e8re, ce lundi, sur les ondes d\u2019une radio priv\u00e9e, contre le fait que l\u2019application lanc\u00e9e par l\u2019ISIE pour, soi-disant, faciliter l\u2019inscription des \u00e9lecteurs \u00e0 distance, ne fonctionnait pas.<\/p>\n<p>Ce citoyen a assur\u00e9 que cette application n\u2019a pas fonctionner plus de trente minutes depuis son lancement le 10 avril courant, ajoutant que cette panne a cr\u00e9\u00e9 une grogne particuli\u00e8re chez les tunisiens r\u00e9sidant \u00e0 l\u2019\u00e9tranger et d\u00e9sirant s\u2019inscrire sur la liste des \u00e9lecteurs.<\/p>\n<div class=\"code-block code-block-1 c3\"><ins class=\"adsbygoogle c2\" data-ad-layout=\"in-article\" data-ad-format=\"fluid\" data-ad-client=\"ca-pub-2102118777505746\" data-ad-slot=\"7301775417\"\/> <\/div>\n<div class=\"mvp-org-wrap mvp-org-logo\" itemprop=\"publisher\" itemscope=\"\" itemtype=\"https:\/\/schema.org\/Organization\"><img decoding=\"async\" src=\"https:\/\/www.tunisienumerique.com\/wp-content\/uploads\/2017\/02\/logo_tunisie_numerique.png\"\/><\/div>\n<div class=\"nc_socialPanel swp_flatFresh swp_d_fullColor swp_i_fullColor swp_o_fullColor scale-100 scale-fullWidth\" data-position=\"none\" data-float=\"floatNone\" data-count=\"5\" data-floatcolor=\"#ffffff\" data-emphasize=\"0\">\n<div class=\"nc_tweetContainer totes totesalt\" data-id=\"6\"><span class=\"swp_count\"><span class=\"swp_label\">Partages<\/span> 22<\/span><\/div>\n<\/div>\n<div class=\"mvp-related-posts left relative\">\n<h4 class=\"post-header\"><span class=\"post-header\">Lire aussi<\/span><\/h4>\n<\/div>\n<\/div>\n<p>Auteur: LM<br \/>\n<a href=\"https:\/\/www.tunisienumerique.com\/tunisie-lapplication-dinscription-a-distance-des-electeurs-ne-marche-pas\/\">Cliquez ici pour lire l&rsquo;article depuis sa source.<\/a><\/p>\n","protected":false},"excerpt":{"rendered":"<p>Partages 22 Un ressortissant tunisien r\u00e9sidant dans le sud de la France, a fait par de sa col\u00e8re, ce lundi, sur les ondes d\u2019une radio priv\u00e9e, contre le fait que l\u2019application lanc\u00e9e par l\u2019ISIE pour, soi-disant, faciliter l\u2019inscription des \u00e9lecteurs \u00e0 distance, ne fonctionnait pas. Ce citoyen a assur\u00e9 que cette application n\u2019a pas fonctionner [&hellip;]<\/p>\n","protected":false},"author":1789,"featured_media":28016,"comment_status":"closed","ping_status":"closed","sticky":false,"template":"","format":"standard","meta":{"fifu_image_url":"","fifu_image_alt":"","footnotes":""},"categories":[73,55],"tags":[],"class_list":["post-28015","post","type-post","status-publish","format-standard","has-post-thumbnail","hentry","category-actualite","category-tunisie"],"_links":{"self":[{"href":"https:\/\/linitiative.ca\/International\/wp-json\/wp\/v2\/posts\/28015","targetHints":{"allow":["GET"]}}],"collection":[{"href":"https:\/\/linitiative.ca\/International\/wp-json\/wp\/v2\/posts"}],"about":[{"href":"https:\/\/linitiative.ca\/International\/wp-json\/wp\/v2\/types\/post"}],"author":[{"embeddable":true,"href":"https:\/\/linitiative.ca\/International\/wp-json\/wp\/v2\/users\/1789"}],"replies":[{"embeddable":true,"href":"https:\/\/linitiative.ca\/International\/wp-json\/wp\/v2\/comments?post=28015"}],"version-history":[{"count":0,"href":"https:\/\/linitiative.ca\/International\/wp-json\/wp\/v2\/posts\/28015\/revisions"}],"wp:featuredmedia":[{"embeddable":true,"href":"https:\/\/linitiative.ca\/International\/wp-json\/"}],"wp:attachment":[{"href":"https:\/\/linitiative.ca\/International\/wp-json\/wp\/v2\/media?parent=28015"}],"wp:term":[{"taxonomy":"category","embeddable":true,"href":"https:\/\/linitiative.ca\/International\/wp-json\/wp\/v2\/categories?post=28015"},{"taxonomy":"post_tag","embeddable":true,"href":"https:\/\/linitiative.ca\/International\/wp-json\/wp\/v2\/tags?post=28015"}],"curies":[{"name":"wp","href":"https:\/\/api.w.org\/{rel}","templated":true}]}}