{"id":28017,"date":"2019-04-15T16:25:07","date_gmt":"2019-04-15T20:25:07","guid":{"rendered":"https:\/\/linitiative.ca\/International\/algerie-le-juste-et-noble-combat-des-magistrats-et-maires\/"},"modified":"2019-04-15T16:25:07","modified_gmt":"2019-04-15T20:25:07","slug":"algerie-le-juste-et-noble-combat-des-magistrats-et-maires","status":"publish","type":"post","link":"https:\/\/linitiative.ca\/International\/algerie-le-juste-et-noble-combat-des-magistrats-et-maires\/","title":{"rendered":"ALGERIE  :  Le juste et noble combat des magistrats et maires"},"content":{"rendered":"<p><img decoding=\"async\" class=\"post_layout_5_img\" src=\"http:\/\/lepays.bf\/wp-content\/uploads\/2019\/04\/algerie-1-1.jpg\" alt=\"ALGERIE : Le juste et noble combat des magistrats et maires\"\/><\/p>\n<p class=\"c4\"><em>Manifestations encore massives et nationales pour le 8e vendredi cons\u00e9cutif en Alg\u00e9rie, le 12 avril dernier, pour exiger le d\u00e9part du tout nouveau chef de l\u2019Etat par int\u00e9rim, Abdelkader Bensalah. Ce dernier qui a remplac\u00e9 au pied lev\u00e9 Abdelaziz Bouteflika en vertu de l\u2019article 102 de la Constitution alg\u00e9rienne, est devenu, depuis le d\u00e9part de son pr\u00e9d\u00e9cesseur dont il \u00e9tait la doublure officielle, la cible des manifestants qui ne veulent plus d\u2019un apparatchik au sommet de l\u2019Etat. Le mouvement de contestation a connu une mont\u00e9e en puissance la semaine derni\u00e8re, avec de violents incidents ayant occasionn\u00e9 des d\u00e9g\u00e2ts mat\u00e9riels importants, de nombreux bless\u00e9s l\u00e9gers et des arrestations \u00e0 la pelle, notamment au centre-ville d\u2019Alger. En outre, les magistrats qui avaient rejoint la r\u00e9volte populaire au d\u00e9but du mois de mars dernier en jurant de boycotter l\u2019organisation de l\u2019\u00e9lection pr\u00e9sidentielle avort\u00e9e, initialement pr\u00e9vue pour le 18 avril si Abdelaziz Bouteflika \u00e9tait candidat, sont revenus \u00e0 la charge cette fois-ci non seulement pour r\u00e9it\u00e9rer leur refus de cautionner la p\u00e9rennisation du syst\u00e8me en place \u00e0 travers leur participation \u00e0 l\u2019organisation du scrutin pr\u00e9vu pour le 4 juillet prochain, mais \u00e9galement pour se d\u00e9marquer des m\u00e9thodes r\u00e9pressives de la police anti-\u00e9meute en annon\u00e7ant leur refus de juger les manifestants qu\u2019ils estiment \u00eatre arbitrairement arr\u00eat\u00e9s. Les hommes en noir exigent par ailleurs d\u2019\u00eatre lib\u00e9r\u00e9s de la tutelle politique, afin d\u2019agir de fa\u00e7on ind\u00e9pendante dans l\u2019int\u00e9r\u00eat du peuple. En plus des Hommes de loi, une quarantaine de maires menacent \u00e9galement de boycotter le futur scrutin. M\u00eame si leur nombre peut para\u00eetre insignifiant par rapport \u00e0 la totalit\u00e9 des \u00e9lus locaux dont dispose l\u2019Alg\u00e9rie, il n\u2019en demeure pas moins que leur combat est un symbole fort. Cette sortie in\u00e9dite des magistrats et maires est, le moins qu\u2019on puisse dire, un pav\u00e9 de plus dans la mare politique alg\u00e9rienne d\u00e9j\u00e0 particuli\u00e8rement trouble, d\u2019autant qu\u2019elle intervient au moment o\u00f9 l\u2019Arm\u00e9e et le pouvoir int\u00e9rimaire de Bensalah entendent conduire \u00e0 terme la transition en cours, malgr\u00e9 la bronca dans le camp des contestataires qui pr\u00f4nent plut\u00f4t la mise sur pied d\u2019institutions ad hoc qui vont conduire le pays \u00e0 des \u00e9lections transparentes.<\/em><\/p>\n<p><strong>L\u2019Arm\u00e9e alg\u00e9rienne a privil\u00e9gi\u00e9 la voie constitutionnelle<\/strong><\/p>\n<p class=\"c4\"><em>On en saura davantage d\u00e8s aujourd\u2019hui, sur l\u2019ampleur et les r\u00e9percussions de cette \u00ab\u00a0r\u00e9volte\u00a0\u00bb des juges soutenus soit dit en passant par les avocats, puisque les r\u00e9visions exceptionnelles des listes \u00e9lectorales qu\u2019ils menacent de boycotter, sont programm\u00e9es pour la semaine allant du 16 au 24 avril. Quoi qu\u2019il arrive, leur combat aura \u00e9t\u00e9 noble, mais dans un pays comme l\u2019Alg\u00e9rie o\u00f9 tout peut servir de pr\u00e9texte \u00e0 l\u2019arm\u00e9e outrageusement politis\u00e9e pour prendre \u00e0 l\u2019arrach\u00e9e les choses en main, on peut se demander si cette qu\u00eate l\u00e9gitime d\u2019ind\u00e9pendance des magistrats dans le contexte actuel, ne va pas raidir davantage les positions et remettre les \u00e9lections aux calendes grecques. Cette \u00e9ventualit\u00e9 n\u2019est pas souhaitable \u00e9videmment, d\u2019autant que dans cette r\u00e9publique plusieurs fois victime des morsures de l\u2019histoire, les d\u00e9mons de la haine et de la violence peuvent ressurgir ou r\u00e9appara\u00eetre \u00e0 la moindre occasion, et compromettre dangereusement et peut-\u00eatre durablement la relative stabilit\u00e9 que le pays a connue ces dix derni\u00e8res ann\u00e9es. On esp\u00e8re que pour le bien de l\u2019Alg\u00e9rie et de toute la bande sah\u00e9lo-saharienne, les diff\u00e9rents acteurs sont conscients de l\u2019enjeu et surtout du danger \u00e0 entra\u00eener leur pays dans un vide constitutionnel, qui pourrait d\u00e9boucher sur un coup de force et sur une stabilisation autoritaire et peut-\u00eatre sanglante. Fort heureusement, il y a des indices qui font croire qu\u2019on n\u2019en arrivera pas l\u00e0, comme ces appels au calme et \u00e0 la non-violence lanc\u00e9s par une partie des manifestants \u00e0 leurs camarades d\u00e8s les premiers jets de pierres sur les v\u00e9hicules de police, vendredi dernier, sur la place Maurice Audin, au c\u0153ur de la capitale alg\u00e9rienne. L\u2019Arm\u00e9e alg\u00e9rienne a privil\u00e9gi\u00e9 la voie constitutionnelle d\u2019acc\u00e8s au pouvoir, contrairement \u00e0 sa cons\u0153ur du Soudan qui a profit\u00e9 de la r\u00e9volte populaire dans ce pays pour arr\u00eater et embastiller le G\u00e9n\u00e9ral Omar El B\u00e9chir, avant de s\u2019emparer du pouvoir. Ce sont l\u00e0 des signes que l\u2019on veut d\u00e9fendre la stabilit\u00e9 et la d\u00e9mocratie en Alg\u00e9rie, mais le probl\u00e8me majeur r\u00e9side dans la suspicion mutuelle des acteurs, les \u2018\u2019insurg\u00e9s\u2019\u2019 soup\u00e7onnant le syst\u00e8me actuel d\u2019avoir sacrifi\u00e9 Bouteflika pour se sauver lui-m\u00eame, et les autorit\u00e9s de la transition accusant en des mots \u00e0 peine voil\u00e9s, les manifestants de faire le jeu de puissances \u00e9trang\u00e8res. Mais comme plus le temps passe, plus on se rapproche dangereusement de la ligne rouge du vide institutionnel, il est fort possible que dans les jours \u00e0 venir, l\u2019un des camps l\u00e2che du lest afin que le train de la transition post-Bouteflika continue sereinement son chemin, jusqu\u2019\u00e0 la sortie du tunnel avec l\u2019organisation d\u2019une \u00e9lection pr\u00e9sidentielle libre, transparente et accept\u00e9e de tous.<\/em><\/p>\n<p><strong>Hamadou GADIAGA<\/strong><\/p>\n<p>Auteur: Le Pays<br \/>\n<a href=\"http:\/\/lepays.bf\/algerie-le-juste-et-noble-combat-des-magistrats-et-maires\/\">Cliquez ici pour lire l&rsquo;article depuis sa source.<\/a><\/p>\n","protected":false},"excerpt":{"rendered":"<p>Manifestations encore massives et nationales pour le 8e vendredi cons\u00e9cutif en Alg\u00e9rie, le 12 avril dernier, pour exiger le d\u00e9part du tout nouveau chef de l\u2019Etat par int\u00e9rim, Abdelkader Bensalah. Ce dernier qui a remplac\u00e9 au pied lev\u00e9 Abdelaziz Bouteflika en vertu de l\u2019article 102 de la Constitution alg\u00e9rienne, est devenu, depuis le d\u00e9part de [&hellip;]<\/p>\n","protected":false},"author":1813,"featured_media":28018,"comment_status":"closed","ping_status":"closed","sticky":false,"template":"","format":"standard","meta":{"fifu_image_url":"","fifu_image_alt":"","footnotes":""},"categories":[73,81],"tags":[],"class_list":["post-28017","post","type-post","status-publish","format-standard","has-post-thumbnail","hentry","category-actualite","category-burkina-faso"],"_links":{"self":[{"href":"https:\/\/linitiative.ca\/International\/wp-json\/wp\/v2\/posts\/28017","targetHints":{"allow":["GET"]}}],"collection":[{"href":"https:\/\/linitiative.ca\/International\/wp-json\/wp\/v2\/posts"}],"about":[{"href":"https:\/\/linitiative.ca\/International\/wp-json\/wp\/v2\/types\/post"}],"author":[{"embeddable":true,"href":"https:\/\/linitiative.ca\/International\/wp-json\/wp\/v2\/users\/1813"}],"replies":[{"embeddable":true,"href":"https:\/\/linitiative.ca\/International\/wp-json\/wp\/v2\/comments?post=28017"}],"version-history":[{"count":0,"href":"https:\/\/linitiative.ca\/International\/wp-json\/wp\/v2\/posts\/28017\/revisions"}],"wp:featuredmedia":[{"embeddable":true,"href":"https:\/\/linitiative.ca\/International\/wp-json\/"}],"wp:attachment":[{"href":"https:\/\/linitiative.ca\/International\/wp-json\/wp\/v2\/media?parent=28017"}],"wp:term":[{"taxonomy":"category","embeddable":true,"href":"https:\/\/linitiative.ca\/International\/wp-json\/wp\/v2\/categories?post=28017"},{"taxonomy":"post_tag","embeddable":true,"href":"https:\/\/linitiative.ca\/International\/wp-json\/wp\/v2\/tags?post=28017"}],"curies":[{"name":"wp","href":"https:\/\/api.w.org\/{rel}","templated":true}]}}