{"id":28023,"date":"2019-04-15T16:49:36","date_gmt":"2019-04-15T20:49:36","guid":{"rendered":"https:\/\/linitiative.ca\/International\/an-5-de-la-detention-des-filles-de-chibok-la-promesse-de-buhari-se-fait-toujours-attendre\/"},"modified":"2019-04-15T16:49:36","modified_gmt":"2019-04-15T20:49:36","slug":"an-5-de-la-detention-des-filles-de-chibok-la-promesse-de-buhari-se-fait-toujours-attendre","status":"publish","type":"post","link":"https:\/\/linitiative.ca\/International\/an-5-de-la-detention-des-filles-de-chibok-la-promesse-de-buhari-se-fait-toujours-attendre\/","title":{"rendered":"AN 5 DE LA DETENTION DES FILLES DE CHIBOK. :  La promesse de Buhari se fait toujours attendre"},"content":{"rendered":"<header>\n<\/header>\n<div class=\"entry-content clearfix\" readability=\"66\"><img decoding=\"async\" class=\"post_layout_5_img\" src=\"http:\/\/lepays.bf\/wp-content\/uploads\/2019\/04\/boko-haram-1.jpg\" alt=\"AN 5 DE LA DETENTION DES FILLES DE CHIBOK. : La promesse de Buhari se fait toujours attendre\"\/><\/p>\n<p class=\"c4\"><em>Le 14 avril 2019 aura \u00e9t\u00e9 une triste date anniversaire pour certains Nig\u00e9rians, pour ne pas dire pour le Nigeria tout entier. En effet, on se rappelle que c\u2019est le 14 avril 2014 que la secte islamiste Boko Haram a enlev\u00e9 276 jeunes filles dans un lyc\u00e9e de Chibok dans le nord-est du Nigeria. Si l\u2019enl\u00e8vement de ces lyc\u00e9ennes avait suscit\u00e9 l\u2019\u00e9moi de la communaut\u00e9 internationale qui avait sonn\u00e9 la mobilisation autour du slogan \u00abBring back our girls\u00a0\u00bb, et l\u2019engagement du pr\u00e9sident Muhammadu Buhari, de faire de leur lib\u00e9ration, une priorit\u00e9, cinq ans apr\u00e8s, il y a toujours 112 filles entre les mains de leurs ravisseurs. L\u2019Etat nig\u00e9rian qui aura us\u00e9 de tous les moyens, allant des op\u00e9rations militaires aux offres d\u2019\u00e9changes de prisonniers, n\u2019a pas pu obtenir la lib\u00e9ration de la totalit\u00e9 des 276 captives. C\u2019est dire si malgr\u00e9 les strat\u00e9gies d\u00e9ploy\u00e9es par le pays, les efforts au niveau mondial et les cris de d\u00e9sespoir des familles des victimes, Abubakar Shekau et ses adeptes continuent \u00e0 rouler des m\u00e9caniques. En ce cinqui\u00e8me anniversaire, les parents dont les filles sont toujours entre les mains des terroristes, disent vivre un grand traumatisme car ils ne savent pas si leurs filles sont toujours en vie ou ont \u00e9t\u00e9 envoy\u00e9es ad patres par la secte islamiste Boko Haram. Leur inqui\u00e9tude est d\u2019autant plus grande que les autorit\u00e9s qui avaient promis de tout mettre en \u0153uvre pour lib\u00e9rer ces filles, donnent l\u2019impression d\u2019\u00eatre \u00e0 pr\u00e9sent pr\u00e9occup\u00e9es par autre chose.<\/em><\/p>\n<p><strong>Y a-t-il encore un espoir de retrouver la centaine de filles en captivit\u00e9\u00a0?<\/strong><\/p>\n<p class=\"c4\"><em>Toujours est-il que les parents des lyc\u00e9ennes d\u00e9noncent un manque de transparence dans la gestion du dossier. Buhari est-il incapable de tenir sa promesse ? Y a-t-il encore espoir de retrouver la centaine de filles en captivit\u00e9\u00a0? Rien n\u2019est moins s\u00fbr. Mais une chose est certaine, la douleur des parents des filles reste vive et intacte d\u2019autant que la dynamique enclench\u00e9e au lendemain du rapt pour lib\u00e9rer les lyc\u00e9ennes, commence \u00e0 s\u2019\u00e9mousser. M\u00eame les m\u00e9dias qui constituaient de solides soutiens des parents de ces filles, sont de moins en moins aphones. Quid de Boko Haram? Les rares communications livr\u00e9es par le mouvement sur ces innocentes filles, sont loin de rassurer les parents des victimes. En effet, en d\u00e9but d\u2019ann\u00e9e 2018, l\u2019organisation terroriste avait diffus\u00e9 une vid\u00e9o montrant la plupart des jeunes filles d\u00e9clarer qu\u2019elles sont d\u00e9cid\u00e9es \u00e0 continuer le \u2018\u2019califat\u2019\u2019. Toute chose qui avait douch\u00e9 les espoirs de leurs parents. Pire, le sanguinaire Shekau avait affirm\u00e9 haut et fort que certaines de ces jeunes filles avaient\u00a0 \u00e9t\u00e9 vendues comme esclaves sexuelles ou donn\u00e9es de force en mariage. Si ces d\u00e9clarations s\u2019av\u00e8rent exactes, il faut craindre que certaines aient \u00e9t\u00e9 transform\u00e9es en kamikazes et ce, apr\u00e8s avoir subi toutes sortes de s\u00e9vices corporels et moraux. Beaucoup de ces filles pourraient avoir fini par \u00e9pouser l\u2019id\u00e9ologie meurtri\u00e8re de leurs ge\u00f4liers, devenant ipso facto plus que des dangers publics pour la soci\u00e9t\u00e9. Toute chose qui pourrait avoir \u00e9mouss\u00e9 la volont\u00e9 de Buhari de lib\u00e9rer la centaine de filles.<\/em><\/p>\n<p><strong>\u00ab\u00a0Le Pays\u00a0\u00bb<\/strong><\/p>\n<\/div>\n<p>Auteur: Le Pays<br \/>\n<a href=\"http:\/\/lepays.bf\/an-5-de-la-detention-des-filles-de-chibok-la-promesse-de-buhari-se-fait-toujours-attendre\/\">Cliquez ici pour lire l&rsquo;article depuis sa source.<\/a><\/p>\n","protected":false},"excerpt":{"rendered":"<p>Le 14 avril 2019 aura \u00e9t\u00e9 une triste date anniversaire pour certains Nig\u00e9rians, pour ne pas dire pour le Nigeria tout entier. En effet, on se rappelle que c\u2019est le 14 avril 2014 que la secte islamiste Boko Haram a enlev\u00e9 276 jeunes filles dans un lyc\u00e9e de Chibok dans le nord-est du Nigeria. Si [&hellip;]<\/p>\n","protected":false},"author":1813,"featured_media":28024,"comment_status":"closed","ping_status":"closed","sticky":false,"template":"","format":"standard","meta":{"fifu_image_url":"","fifu_image_alt":"","footnotes":""},"categories":[73,81],"tags":[],"class_list":["post-28023","post","type-post","status-publish","format-standard","has-post-thumbnail","hentry","category-actualite","category-burkina-faso"],"_links":{"self":[{"href":"https:\/\/linitiative.ca\/International\/wp-json\/wp\/v2\/posts\/28023","targetHints":{"allow":["GET"]}}],"collection":[{"href":"https:\/\/linitiative.ca\/International\/wp-json\/wp\/v2\/posts"}],"about":[{"href":"https:\/\/linitiative.ca\/International\/wp-json\/wp\/v2\/types\/post"}],"author":[{"embeddable":true,"href":"https:\/\/linitiative.ca\/International\/wp-json\/wp\/v2\/users\/1813"}],"replies":[{"embeddable":true,"href":"https:\/\/linitiative.ca\/International\/wp-json\/wp\/v2\/comments?post=28023"}],"version-history":[{"count":0,"href":"https:\/\/linitiative.ca\/International\/wp-json\/wp\/v2\/posts\/28023\/revisions"}],"wp:featuredmedia":[{"embeddable":true,"href":"https:\/\/linitiative.ca\/International\/wp-json\/"}],"wp:attachment":[{"href":"https:\/\/linitiative.ca\/International\/wp-json\/wp\/v2\/media?parent=28023"}],"wp:term":[{"taxonomy":"category","embeddable":true,"href":"https:\/\/linitiative.ca\/International\/wp-json\/wp\/v2\/categories?post=28023"},{"taxonomy":"post_tag","embeddable":true,"href":"https:\/\/linitiative.ca\/International\/wp-json\/wp\/v2\/tags?post=28023"}],"curies":[{"name":"wp","href":"https:\/\/api.w.org\/{rel}","templated":true}]}}