{"id":28027,"date":"2019-04-15T16:30:42","date_gmt":"2019-04-15T20:30:42","guid":{"rendered":"https:\/\/linitiative.ca\/International\/acces-a-leau-potable-les-tarifs-de-lonea-a-la-loupe-des-deputes\/"},"modified":"2019-04-15T16:30:42","modified_gmt":"2019-04-15T20:30:42","slug":"acces-a-leau-potable-les-tarifs-de-lonea-a-la-loupe-des-deputes","status":"publish","type":"post","link":"https:\/\/linitiative.ca\/International\/acces-a-leau-potable-les-tarifs-de-lonea-a-la-loupe-des-deputes\/","title":{"rendered":"Acc\u00e8s \u00e0 l\u2019eau potable : Les tarifs de l\u2019ONEA \u00e0 la loupe des d\u00e9put\u00e9s"},"content":{"rendered":"<div class=\"td-post-featured-image\"><a href=\"https:\/\/i2.wp.com\/www.sidwaya.info\/wp-content\/uploads\/2019\/04\/deputes.jpg?fit=600%2C335&#038;ssl=1\" data-caption=\"\"><img loading=\"lazy\" decoding=\"async\" width=\"600\" height=\"335\" class=\"entry-thumb td-modal-image\" src=\"https:\/\/i2.wp.com\/www.sidwaya.info\/wp-content\/uploads\/2019\/04\/deputes.jpg?resize=600%2C335&#038;ssl=1\" srcset=\"https:\/\/i2.wp.com\/www.sidwaya.info\/wp-content\/uploads\/2019\/04\/deputes.jpg?w=600&#038;ssl=1 600w, https:\/\/i2.wp.com\/www.sidwaya.info\/wp-content\/uploads\/2019\/04\/deputes.jpg?resize=300%2C168&#038;ssl=1 300w\" sizes=\"auto, (max-width: 600px) 100vw, 600px\" alt=\"\" title=\"deputes\"\/><\/a><\/div>\n<div class=\"td-a-rec td-a-rec-id-content_top td_uid_30_5cb4fa44e5b4e_rand td_block_template_1\"><img loading=\"lazy\" decoding=\"async\" class=\"aligncenter size-full wp-image-4463\" src=\"https:\/\/www.sidwaya.info\/wp-content\/uploads\/2019\/02\/FESPACO-TOUR-2019-Bannie%CC%80re-728x90-1.jpg\" alt=\"\" width=\"728\" height=\"90\"\/><\/div>\n<p><strong>Le R\u00e9seau des parlementaires burkinab\u00e8 pour l\u2019eau potable, l\u2019hygi\u00e8ne et l\u2019assainissement (REPHA-BF) a organis\u00e9, les 12 et 13 avril 2019 \u00e0 Ouagadougou, un atelier de r\u00e9flexion sur les syst\u00e8mes tarifaires de l\u2019eau, en lien avec les investissements r\u00e9alis\u00e9s.<\/strong><\/p>\n<p>Le faible niveau du service de desserte en eau potable dans les centres semi-urbains et ruraux impacte le d\u00e9veloppement socio-\u00e9conomique du Burkina Faso, en d\u00e9pit des innombrables efforts de l\u2019Office national de l\u2019Eau et de l\u2019Assainissement (ONEA). Ce constat est fait par le R\u00e9seau des parlementaires burkinab\u00e8 pour l\u2019Eau potable, l\u2019hygi\u00e8ne et l\u2019assainissement (REPHA-BF).<\/p>\n<p>Pour une am\u00e9lioration des conditions de vie des m\u00e9nages en mati\u00e8re d\u2019eau potable, ladite structure a initi\u00e9, les 12 et 13 avril 2019 \u00e0 Ouagadougou, un atelier de r\u00e9flexion sur les syst\u00e8mes tarifaires de l\u2019eau, en lien avec les investissements r\u00e9alis\u00e9s. Selon le coordonnateur du REPHA-BF, le d\u00e9put\u00e9 Halidou Sanfo, les objectifs poursuivis par cet atelier vient \u00e0 permettre aux parlementaires de connaitre l\u2019\u00e9tat des lieux du service de l\u2019eau, la tarification de l\u2019eau en vigueur et d\u2019analyser les donn\u00e9es au regard des normes et des investissements de l\u2019Etat.<\/p>\n<p>En vue de favoriser une dynamique d\u2019\u00e9changes appropri\u00e9e, a-t-il affirm\u00e9, trois communications (historique, \u00e9tat des lieux du service de l\u2019eau au Burkina Faso ; politique tarifaire au Burkina Faso ; lien prix de l\u2019eau-investissements et perspectives) ont \u00e9t\u00e9 pr\u00e9sent\u00e9es aux participants. Pour l\u2019inspecteur g\u00e9n\u00e9ral de l\u2019ONEA, Adama Sawadogo, la nationale de l\u2019eau poss\u00e8de une politique tarifaire quinquennale bas\u00e9e sur l\u2019\u00e9quit\u00e9.<\/p>\n<p>Un mod\u00e8le financier qui est mis \u00e0 jour deux fois par an, a-t-il expliqu\u00e9, avec pour vocation de veiller, entre deux \u00e9tudes tarifaires, \u00e0 l\u2019\u00e9quilibre financier de l\u2019ONEA \u00e0 travers des tarifs inclusifs. \u201cLa tranche sociale, qui est de 188 francs le m\u00e8tre cube, n\u2019a pas \u00e9volu\u00e9 depuis 2003.<\/p>\n<p>Les prix \u00e0 la borne-fontaine n\u2019ont pas \u00e9volu\u00e9 non plus depuis 2003. Il en est de m\u00eame pour la redevance de 1 000 francs par mois, qui est rest\u00e9e stable depuis 1994. Ainsi, depuis 1997, les soci\u00e9t\u00e9s ont un tarif unique correspondant au tarif de la tranche la plus \u00e9lev\u00e9e des m\u00e9nages\u201d, a rassur\u00e9 M. Sawadogo. Il a salu\u00e9, en outre, le REPHA-BF pour l\u2019int\u00e9r\u00eat port\u00e9 \u00e0 ce \u201csecteur important\u201d, notamment en cette p\u00e9riode de forte canicule.<\/p>\n<p>\u201d Je souhaite que tous les parlementaires deviennent des acteurs et des d\u00e9fenseurs de l\u2019ONEA\u201d, a-t-il affirm\u00e9. Quant au 2e vice-pr\u00e9sident de l\u2019Assembl\u00e9e nationale, Kassoum Traor\u00e9, il a soutenu que les conditions d\u2019acc\u00e8s \u00e0 l\u2019eau potable ne sauraient \u00eatre effectives sans la conjugaison des efforts de tous.<\/p>\n<p><strong>Aubin W. NANA<\/strong><\/p>\n<div class=\"td-a-rec td-a-rec-id-content_bottom td_uid_31_5cb4fa44e5da6_rand td_block_template_1\"><img loading=\"lazy\" decoding=\"async\" class=\"alignright size-full wp-image-1724\" src=\"https:\/\/www.sidwaya.info\/wp-content\/uploads\/2018\/12\/sidwaya-pub.jpg\" alt=\"\" width=\"720\" height=\"90\"\/><\/div>\n<p>Auteur: DB. Sidwaya<br \/>\n<a href=\"https:\/\/www.sidwaya.info\/blog\/2019\/04\/15\/acces-a-leau-potable-les-tarifs-de-lonea-a-la-loupe-des-deputes\/\">Cliquez ici pour lire l&rsquo;article depuis sa source.<\/a><\/p>\n","protected":false},"excerpt":{"rendered":"<p>Le R\u00e9seau des parlementaires burkinab\u00e8 pour l\u2019eau potable, l\u2019hygi\u00e8ne et l\u2019assainissement (REPHA-BF) a organis\u00e9, les 12 et 13 avril 2019 \u00e0 Ouagadougou, un atelier de r\u00e9flexion sur les syst\u00e8mes tarifaires de l\u2019eau, en lien avec les investissements r\u00e9alis\u00e9s. Le faible niveau du service de desserte en eau potable dans les centres semi-urbains et ruraux impacte [&hellip;]<\/p>\n","protected":false},"author":1816,"featured_media":0,"comment_status":"closed","ping_status":"closed","sticky":false,"template":"","format":"standard","meta":{"fifu_image_url":"","fifu_image_alt":"","footnotes":""},"categories":[73,81],"tags":[],"class_list":["post-28027","post","type-post","status-publish","format-standard","hentry","category-actualite","category-burkina-faso"],"_links":{"self":[{"href":"https:\/\/linitiative.ca\/International\/wp-json\/wp\/v2\/posts\/28027","targetHints":{"allow":["GET"]}}],"collection":[{"href":"https:\/\/linitiative.ca\/International\/wp-json\/wp\/v2\/posts"}],"about":[{"href":"https:\/\/linitiative.ca\/International\/wp-json\/wp\/v2\/types\/post"}],"author":[{"embeddable":true,"href":"https:\/\/linitiative.ca\/International\/wp-json\/wp\/v2\/users\/1816"}],"replies":[{"embeddable":true,"href":"https:\/\/linitiative.ca\/International\/wp-json\/wp\/v2\/comments?post=28027"}],"version-history":[{"count":0,"href":"https:\/\/linitiative.ca\/International\/wp-json\/wp\/v2\/posts\/28027\/revisions"}],"wp:attachment":[{"href":"https:\/\/linitiative.ca\/International\/wp-json\/wp\/v2\/media?parent=28027"}],"wp:term":[{"taxonomy":"category","embeddable":true,"href":"https:\/\/linitiative.ca\/International\/wp-json\/wp\/v2\/categories?post=28027"},{"taxonomy":"post_tag","embeddable":true,"href":"https:\/\/linitiative.ca\/International\/wp-json\/wp\/v2\/tags?post=28027"}],"curies":[{"name":"wp","href":"https:\/\/api.w.org\/{rel}","templated":true}]}}