{"id":28029,"date":"2019-04-15T16:41:05","date_gmt":"2019-04-15T20:41:05","guid":{"rendered":"https:\/\/linitiative.ca\/International\/trait-de-plume-afrique-exit-les-longs-regnes\/"},"modified":"2019-04-15T16:41:05","modified_gmt":"2019-04-15T20:41:05","slug":"trait-de-plume-afrique-exit-les-longs-regnes","status":"publish","type":"post","link":"https:\/\/linitiative.ca\/International\/trait-de-plume-afrique-exit-les-longs-regnes\/","title":{"rendered":"Trait de plume : Afrique\u00a0: exit les longs r\u00e8gnes!"},"content":{"rendered":"<div class=\"td-a-rec td-a-rec-id-content_top td_uid_30_5cb4fa55d6ee6_rand td_block_template_1\"><img loading=\"lazy\" decoding=\"async\" class=\"aligncenter size-full wp-image-4463\" src=\"https:\/\/www.sidwaya.info\/wp-content\/uploads\/2019\/02\/FESPACO-TOUR-2019-Bannie%CC%80re-728x90-1.jpg\" alt=\"\" width=\"728\" height=\"90\"\/><\/div>\n<p><strong>Malgr\u00e9 le d\u00e9part du pr\u00e9sident, Omar El-B\u00e9chir, pouss\u00e9 \u00e0 la d\u00e9mission, jeudi dernier, par une rue en col\u00e8re, apr\u00e8s 30 ans de r\u00e8gne sans partage au Soudan, la mobilisation ne faiblit pas dans les rues de Khartoum.<\/strong><\/p>\n<p>Les manifestants, qui r\u00e9clament la mise en place d\u2019un gouvernement enti\u00e8rement civil pour conduire la p\u00e9riode transitoire, maintiennent la pression sur le Conseil militaire de transition, qui s\u2019est empar\u00e9 du pouvoir apr\u00e8s la destitution du chef de l\u2019Etat.<\/p>\n<p>Les marches de protestations de milliers de Soudanais dans les rues de la capitale et des grandes villes du pays pour crier leur ras-le-bol ont oblig\u00e9 le ministre de la D\u00e9fense, le g\u00e9n\u00e9ral Awad Ibn Awf qui s\u2019\u00e9tait autoproclam\u00e9 chef de l\u2019Etat, \u00e0 d\u00e9missionner du Conseil militaire apr\u00e8s 24 heures de gestion du pouvoir. Son successeur, un autre haut grad\u00e9 de l\u2019arm\u00e9e soudanaise, en l\u2019occurrence le g\u00e9n\u00e9ral Abdel Fattah al-Burhane, semble \u00eatre lui aussi sur la sellette, au regard de la d\u00e9termination dont font montre les protestataires qui, depuis le 6 avril, campent devant le QG de l\u2019arm\u00e9e \u00e0 Khartoum. Les bidasses ne sont pas du tout des enfants de c\u0153ur, et cette option de l\u2019Alliance pour la libert\u00e9 et le changement (ALC), fer de lance du mouvement de contestations, est \u00e0 saluer.<\/p>\n<p>Car, c\u2019est toujours le m\u00eame scenario : apr\u00e8s avoir jou\u00e9 les gardes pr\u00e9toriennes des pr\u00e9sidents, pendant de longues ann\u00e9es usant de tous les moyens pour asseoir leur pouvoir, les militaires se trouvent subitement, dit-on, du c\u00f4t\u00e9 du peuple lorsque ce dernier d\u00e9cide de chasser un dirigeant dont il en a marre. Et comme l\u2019app\u00e9tit vient en mangeant, leurs promesses de g\u00e9rer une transition et de remettre le pouvoir aux civils \u00e0 l\u2019issue d\u2019une \u00e9lection, ne sont jamais respect\u00e9es du fait des ambitions pr\u00e9sidentielles spontan\u00e9es.<\/p>\n<p>Il est temps d\u2019en finir avec les r\u00e9gimes militaires qui arrivent opportun\u00e9ment \u00e0 la t\u00eate des Etats en Afrique pour d\u00e9ployer les efforts afin de conserver le pouvoir au d\u00e9triment de la grande masse des citoyens. Avant El-B\u00e9chir au Soudan, Abdel Aziz Bouteflika, 82 ans, \u00ab vomi \u00bb par les Alg\u00e9riens, a lui aussi \u00e9t\u00e9 contraint \u00e0 une sortie par la petite porte alors qu\u2019il pr\u00e9tendait \u00e0 un cinqui\u00e8me mandat dans son fauteuil roulant de malade grabataire.<\/p>\n<p>L\u00e0, \u00e9galement, les manifestations sont toujours en cours chaque semaine pour tenter de \u00ab d\u00e9raciner \u00bb le syst\u00e8me. Le pr\u00e9sident de la deuxi\u00e8me Chambre, Abdelkader Bensalah, d\u00e9sign\u00e9 chef de l\u2019Etat par int\u00e9rim, consid\u00e9r\u00e9 comme l\u2019homme de main de Bouteflika, a vu son autorit\u00e9 contest\u00e9e par les frondeurs. Au point qu\u2019ils ont remis en cause la date des \u00e9lections fix\u00e9e au 4 juillet 2019 par le nouveau pouvoir.<\/p>\n<p>Le peuple alg\u00e9rien s\u2019est senti pris en otage pendant des d\u00e9cennies de r\u00e8gne Bouteflika et il ne veut plus pr\u00eater le flanc en allant \u00e0 des \u00e9lections organis\u00e9es par des rescap\u00e9s du syst\u00e8me d\u00e9chu. Ne dit-on pas que chat \u00e9chaud\u00e9 craint l\u2019eau froide ? La crise de confiance entre le pouvoir et les citoyens est une r\u00e9alit\u00e9 en Alg\u00e9rie et les appr\u00e9hensions des citoyens sont fond\u00e9es d\u2019autant plus que l\u2019\u00e9viction du chef de l\u2019Etat, consid\u00e9r\u00e9e par ses fid\u00e8les comme une humiliation n\u2019est pas de leur go\u00fbt. Ces derniers ne peuvent donc pas garantir un scrutin libre et transparent.<\/p>\n<p>Depuis quelques semaines, bon nombre de dirigeants sur le continent ont le sommeil troubl\u00e9 surtout ceux qui sont install\u00e9s dans leurs palais depuis des d\u00e9cennies. Le moment est venu de tourner la page des longs r\u00e8gnes et les peuples se pr\u00e9parent \u00e0 faire partir de gr\u00e9 ou de force leurs dirigeants qui veulent faire des palais pr\u00e9sidentiels leurs sanctuaires. Les menaces sont s\u00e9rieuses, mais nous ne voulons pas jouer les oiseaux de mauvais augure. Vivement que s\u2019arr\u00eatent les longs r\u00e8gnes !<\/p>\n<p><strong>Beyon Romain NEBIE<\/strong><br \/><em>nbeyonromain@yahoo.fr<\/em><\/p>\n<div class=\"td-a-rec td-a-rec-id-content_bottom td_uid_31_5cb4fa55d7137_rand td_block_template_1\"><img loading=\"lazy\" decoding=\"async\" class=\"alignright size-full wp-image-1724\" src=\"https:\/\/www.sidwaya.info\/wp-content\/uploads\/2018\/12\/sidwaya-pub.jpg\" alt=\"\" width=\"720\" height=\"90\"\/><\/div>\n<p>Auteur: DB. Sidwaya<br \/>\n<a href=\"https:\/\/www.sidwaya.info\/blog\/2019\/04\/15\/trait-de-plume-afrique-exit-les-longs-regnes\/\">Cliquez ici pour lire l&rsquo;article depuis sa source.<\/a><\/p>\n","protected":false},"excerpt":{"rendered":"<p>Malgr\u00e9 le d\u00e9part du pr\u00e9sident, Omar El-B\u00e9chir, pouss\u00e9 \u00e0 la d\u00e9mission, jeudi dernier, par une rue en col\u00e8re, apr\u00e8s 30 ans de r\u00e8gne sans partage au Soudan, la mobilisation ne faiblit pas dans les rues de Khartoum. Les manifestants, qui r\u00e9clament la mise en place d\u2019un gouvernement enti\u00e8rement civil pour conduire la p\u00e9riode transitoire, maintiennent [&hellip;]<\/p>\n","protected":false},"author":1816,"featured_media":28030,"comment_status":"closed","ping_status":"closed","sticky":false,"template":"","format":"standard","meta":{"fifu_image_url":"","fifu_image_alt":"","footnotes":""},"categories":[73,81],"tags":[],"class_list":["post-28029","post","type-post","status-publish","format-standard","has-post-thumbnail","hentry","category-actualite","category-burkina-faso"],"_links":{"self":[{"href":"https:\/\/linitiative.ca\/International\/wp-json\/wp\/v2\/posts\/28029","targetHints":{"allow":["GET"]}}],"collection":[{"href":"https:\/\/linitiative.ca\/International\/wp-json\/wp\/v2\/posts"}],"about":[{"href":"https:\/\/linitiative.ca\/International\/wp-json\/wp\/v2\/types\/post"}],"author":[{"embeddable":true,"href":"https:\/\/linitiative.ca\/International\/wp-json\/wp\/v2\/users\/1816"}],"replies":[{"embeddable":true,"href":"https:\/\/linitiative.ca\/International\/wp-json\/wp\/v2\/comments?post=28029"}],"version-history":[{"count":0,"href":"https:\/\/linitiative.ca\/International\/wp-json\/wp\/v2\/posts\/28029\/revisions"}],"wp:featuredmedia":[{"embeddable":true,"href":"https:\/\/linitiative.ca\/International\/wp-json\/"}],"wp:attachment":[{"href":"https:\/\/linitiative.ca\/International\/wp-json\/wp\/v2\/media?parent=28029"}],"wp:term":[{"taxonomy":"category","embeddable":true,"href":"https:\/\/linitiative.ca\/International\/wp-json\/wp\/v2\/categories?post=28029"},{"taxonomy":"post_tag","embeddable":true,"href":"https:\/\/linitiative.ca\/International\/wp-json\/wp\/v2\/tags?post=28029"}],"curies":[{"name":"wp","href":"https:\/\/api.w.org\/{rel}","templated":true}]}}