{"id":28031,"date":"2019-04-15T16:50:04","date_gmt":"2019-04-15T20:50:04","guid":{"rendered":"https:\/\/linitiative.ca\/International\/notre-dame-les-reactions-deffroi-et-de-solidarite-affluent-du-monde-entier\/"},"modified":"2019-04-15T16:50:04","modified_gmt":"2019-04-15T20:50:04","slug":"notre-dame-les-reactions-deffroi-et-de-solidarite-affluent-du-monde-entier","status":"publish","type":"post","link":"https:\/\/linitiative.ca\/International\/notre-dame-les-reactions-deffroi-et-de-solidarite-affluent-du-monde-entier\/","title":{"rendered":"Notre-Dame: les r\u00e9actions d\u2019effroi et de solidarit\u00e9 affluent du monde entier"},"content":{"rendered":"<p>\u00ab\u00a0Symbole de la France\u00a0\u00bb, une catastrophe \u00ab\u00a0terrible \u00e0 voir\u00a0\u00bb, des \u00ab\u00a0sc\u00e8nes d\u00e9chirantes\u00a0\u00bb : de Berlin, Londres, Washington, et d\u2019autres capitales, les r\u00e9actions se sont multipli\u00e9es lundi soir apr\u00e8s l\u2019incendie qui a ravag\u00e9 la cath\u00e9drale Notre-Dame de Paris.<\/p>\n<p>\u2013 ALLEMAGNE.<\/p>\n<p>\u00ab\u00a0Ces horribles images de Notre-Dame en feu font mal. Notre-Dame est un symbole de la France et de notre culture europ\u00e9enne. Nous sommes avec nos pens\u00e9es avec les amis fran\u00e7ais\u00a0\u00bb, a tweet\u00e9 le porte-parole de la chanceli\u00e8re Angela Merkel, Steffen Seibert.<\/p>\n<p>\u00ab\u00a0Notre-Dame en feu frappe aussi nos coeurs. Nos pens\u00e9es vont \u00e0 tous les services d\u2019urgence et \u00e0 nos amis fran\u00e7ais. Avec eux, nous esp\u00e9rons que l\u2019incendie ne fera pas de victime\u00a0\u00bb, a de son c\u00f4t\u00e9 tweet\u00e9 le chef de la diplomatie allemande, Heiko Maas.<\/p>\n<p>\u2013 ETATS-UNIS.<\/p>\n<p>\u00ab\u00a0C\u2019est si terrible d\u2019assister \u00e0 ce gigantesque incendie \u00e0 Notre-Dame de Paris. Peut-\u00eatre faudrait-il utiliser des bombardiers d\u2019eau pour l\u2019\u00e9teindre. Il faut agir vite\u00a0\u00bb, a tweet\u00e9 le pr\u00e9sident Donald Trump.<\/p>\n<p>Melania Trump, la Premi\u00e8re dame des Etats-Unis, a confi\u00e9 avoir le \u00ab\u00a0coeur bris\u00e9\u00a0\u00bb pour les Parisiens en voyant les images du brasier.<\/p>\n<p>\u00ab\u00a0Je prie pour que tous soient sains et saufs\u00a0\u00bb, a tweet\u00e9 l\u2019\u00e9pouse du pr\u00e9sident am\u00e9ricain.<\/p>\n<p>\u2013 GRANDE-BRETAGNE<\/p>\n<p>\u00ab\u00a0Sc\u00e8nes d\u00e9chirantes de la cath\u00e9drale Notre-Dame en flammes. Londres est dans la tristesse avec Paris aujourd\u2019hui, et dans l\u2019amiti\u00e9 toujours. #NotreDame\u00a0\u00bb, a d\u00e9clar\u00e9 le maire de LOndres Sadiq Khan sur Twitter.<\/p>\n<p>\u00ab\u00a0Cela d\u00e9chire le coeur de voir #NotreDame en flammes. Prions pour qu\u2019il n\u2019y ait pas de bless\u00e9s.<\/p>\n<p>#Paris\u00a0\u00bb, a \u00e9crit la ministre britannique au D\u00e9veloppement international Penny Mordaunt.<\/p>\n<p>\u00ab\u00a0C\u2019est vraiment terrible. Quel trag\u00e9die culturelle non seulement pour Paris et la France, mais pour le Monde\u00a0\u00bb, a \u00e9crit la Premi\u00e8re ministre \u00e9cossaise Nicola Sturgeon.<\/p>\n<p>\u2013 BELGIQUE<\/p>\n<p>\u00ab\u00a0#NotreDamedeParis en feu, une immense \u00e9motion, Victor Hugo, une part de l\u2019Histoire de France, de l\u2019Europe. Mes pens\u00e9es et mon soutien pour nos Amis fran\u00e7ais. @EmmanuelMacron #paris #france\u00a0\u00bb, a \u00e9crit le Premier ministre belge Charles Michel.<\/p>\n<p>\u2013 L\u2019UNESCO, par la voix de sa directrice g\u00e9n\u00e9rale , l\u2019ancienne ministre fran\u00e7aise de la Culture Audrey Azoulay, a indiqu\u00e9 dans un tweet se tenir aux \u00ab\u00a0c\u00f4t\u00e9s de la France pour sauvegarder et r\u00e9habiliter ce patrimoine inestimable\u00a0\u00bb.<\/p>\n<p>\u2013 UNION EUROPEENNE.<\/p>\n<p><ins data-revive-zoneid=\"9\" data-revive-id=\"10111e19d28d19d031742ee3b0b33eb0\"\/> <\/p>\n<p>\u00ab\u00a0Notre-Dame de Paris appartient \u00e0 l\u2019humanit\u00e9 toute enti\u00e8re. Elle a inspir\u00e9 tant d\u2019\u00e9crivains, tant de peintres, tant de philosophes, tant de visiteurs venant de partout\u00a0\u00bb, a \u00e9crit le pr\u00e9sident de la Commission europ\u00e9enne Jean-Claude Juncker dans un communiqu\u00e9 en fran\u00e7ais.<\/p>\n<p>\u00ab\u00a0Quelle triste spectacle. Quelle horreur. Je partage l\u2019\u00e9motion de la nation fran\u00e7aise qui est aussi la n\u00f4tre\u00a0\u00bb, a-t-il ajout\u00e9.<\/p>\n<p>\u00ab\u00a0Notre-Dame de Paris est Notre-Dame de toute l\u2019Europe. Nous sommes tous avec Paris aujourd\u2019hui\u00a0\u00bb, a \u00e9crit de son c\u00f4t\u00e9 Donald Tusk, pr\u00e9sident du Conseil europ\u00e9en, sur son compte Twitter.<\/p>\n<p>\u2013 ESPAGNE<\/p>\n<p>\u00ab\u00a0Suivons avec inqui\u00e9tude les informations nous arrivant de Paris sur l\u2019incendie de Notre-Dame, l\u2019une des plus belles cath\u00e9drales du monde. Une triste nouvelle pour notre histoire et notre patrimoine culturel universel\u00a0\u00bb, a tweet\u00e9 le Premier ministre espagnol Pedro Sanchez.<\/p>\n<p>\u00ab\u00a0L\u2019incendie \u00e0 Notre-Dame est une catastrophe pour la France. Et pour l\u2019Espagne et l\u2019Europe. Les flammes d\u00e9truisent 850 ans de notre histoire, de notre architecture, peinture, sculpture. Ce sera difficile \u00e0 oublier. La France peut compter sur nous pour retrouver la grandeur de son h\u00e9ritage\u00a0\u00bb, a-til encore tweet\u00e9.<\/p>\n<p>\u2013 ITALIE<\/p>\n<p>C\u2019est \u00ab\u00a0un coup au coeur pour les Fran\u00e7ais et pour nous tous les Europ\u00e9ens\u00a0\u00bb, a tweet\u00e9, en fran\u00e7ais, le chef du gouvernement Giuseppe Conte :<\/p>\n<p>\u00ab\u00a0Incendie terrifiant \u00e0 la cath\u00e9drale Notre-Dame. Une pens\u00e9e pour le peuple de Paris. De l\u2019Italie toute notre proximit\u00e9 et toute l\u2019aide que nous pourrons donner\u00a0\u00bb, a \u00e9crit de son c\u00f4t\u00e9 le ministre de l\u2019Int\u00e9rieur Matteo Salvini.<\/p>\n<p>\u00ab\u00a0Rome embrasse Paris\u00a0\u00bb, a tweet\u00e9, \u00e9galement en fran\u00e7ais la maire de Rome Virginia Raggi. \u00ab\u00a0Les images de l\u2019incendie dans la cath\u00e9drale de #NotreDame font vraiment mal. Les Romains sont aux c\u00f4t\u00e9s des citoyens parisiens. Une pens\u00e9e pour tous les Fran\u00e7ais. Nous soutenons le maire @Anne_Hidalgo en ce moment tr\u00e8s terrible\u00a0\u00bb, a-t-elle ajout\u00e9.<\/p>\n<p>\u2013 AUTRICHE.<\/p>\n<p>\u00ab\u00a0Images choquantes de Paris. Un embl\u00e8me, un patrimoine culturel de l\u2019humanit\u00e9 et un des plus beaux ouvrages d\u2019art de l\u2019histoire de France, Notre-Dame est en flammes. Nous esp\u00e9rons qu\u2019il n\u2019y a pas de bless\u00e9. Nos pens\u00e9es sont \u00e0 Paris\u00a0\u00bb, a \u00e9crit ler chancelier autrichien Sebastian Kurz.<\/p>\n<p>\u2013 NORVEGE.<\/p>\n<p>\u00ab\u00a0D\u00e9chirant \u00e0 voir. Notre-Dame en flammes dans ma ville pr\u00e9f\u00e9r\u00e9e, Paris. Esp\u00e8re que le maximum pouirra \u00eatre sauv\u00e9. #notredame\u00a0\u00bb, a \u00e9crit la Premi\u00e8re ministre norv\u00e9gienne Erna Solberg<\/p>\n<p>burs\/lpt\/fjb<\/p>\n<p>Auteur: AFP<br \/>\n<a href=\"https:\/\/www.journalducameroun.com\/fr\/notre-dame-les-reactions-deffroi-et-de-solidarite-affluent-du-monde-entier-2\/\">Cliquez ici pour lire l&rsquo;article depuis sa source.<\/a><\/p>\n","protected":false},"excerpt":{"rendered":"<p>\u00ab\u00a0Symbole de la France\u00a0\u00bb, une catastrophe \u00ab\u00a0terrible \u00e0 voir\u00a0\u00bb, des \u00ab\u00a0sc\u00e8nes d\u00e9chirantes\u00a0\u00bb : de Berlin, Londres, Washington, et d\u2019autres capitales, les r\u00e9actions se sont multipli\u00e9es lundi soir apr\u00e8s l\u2019incendie qui a ravag\u00e9 la cath\u00e9drale Notre-Dame de Paris. \u2013 ALLEMAGNE. \u00ab\u00a0Ces horribles images de Notre-Dame en feu font mal. Notre-Dame est un symbole de la France [&hellip;]<\/p>\n","protected":false},"author":1965,"featured_media":0,"comment_status":"closed","ping_status":"closed","sticky":false,"template":"","format":"standard","meta":{"fifu_image_url":"","fifu_image_alt":"","footnotes":""},"categories":[73,82],"tags":[],"class_list":["post-28031","post","type-post","status-publish","format-standard","hentry","category-actualite","category-cameroun"],"_links":{"self":[{"href":"https:\/\/linitiative.ca\/International\/wp-json\/wp\/v2\/posts\/28031","targetHints":{"allow":["GET"]}}],"collection":[{"href":"https:\/\/linitiative.ca\/International\/wp-json\/wp\/v2\/posts"}],"about":[{"href":"https:\/\/linitiative.ca\/International\/wp-json\/wp\/v2\/types\/post"}],"author":[{"embeddable":true,"href":"https:\/\/linitiative.ca\/International\/wp-json\/wp\/v2\/users\/1965"}],"replies":[{"embeddable":true,"href":"https:\/\/linitiative.ca\/International\/wp-json\/wp\/v2\/comments?post=28031"}],"version-history":[{"count":0,"href":"https:\/\/linitiative.ca\/International\/wp-json\/wp\/v2\/posts\/28031\/revisions"}],"wp:attachment":[{"href":"https:\/\/linitiative.ca\/International\/wp-json\/wp\/v2\/media?parent=28031"}],"wp:term":[{"taxonomy":"category","embeddable":true,"href":"https:\/\/linitiative.ca\/International\/wp-json\/wp\/v2\/categories?post=28031"},{"taxonomy":"post_tag","embeddable":true,"href":"https:\/\/linitiative.ca\/International\/wp-json\/wp\/v2\/tags?post=28031"}],"curies":[{"name":"wp","href":"https:\/\/api.w.org\/{rel}","templated":true}]}}