{"id":28032,"date":"2019-04-15T16:50:06","date_gmt":"2019-04-15T20:50:06","guid":{"rendered":"https:\/\/linitiative.ca\/International\/trump-deplore-le-terrible-incendie-a-notre-dame-et-conseille-les-pompiers\/"},"modified":"2019-04-15T16:50:06","modified_gmt":"2019-04-15T20:50:06","slug":"trump-deplore-le-terrible-incendie-a-notre-dame-et-conseille-les-pompiers","status":"publish","type":"post","link":"https:\/\/linitiative.ca\/International\/trump-deplore-le-terrible-incendie-a-notre-dame-et-conseille-les-pompiers\/","title":{"rendered":"Trump d\u00e9plore le \u00ab\u00a0terrible\u00a0\u00bb incendie \u00e0 Notre-Dame et conseille les pompiers"},"content":{"rendered":"<div readability=\"32\">\n<p>Publi\u00e9 le 15.04.2019 \u00e0 21h50 par AFP<\/p>\n<\/div>\n<div readability=\"113\">\n<p>Donald Trump a tr\u00e8s rapidement comment\u00e9 le \u00ab\u00a0terrible\u00a0\u00bb incendie qui ravageait lundi l\u2019embl\u00e9matique cath\u00e9drale Notre-Dame de Paris, le pr\u00e9sident am\u00e9ricain livrant en m\u00eame temps ses propres conseils aux secours engag\u00e9s contre le sinistre.<\/p>\n<p>\u00ab\u00a0C\u2019est si terrible d\u2019assister \u00e0 ce gigantesque incendie \u00e0 Notre-Dame de Paris. Peut-\u00eatre faudrait-il utiliser des bombardiers d\u2019eau pour l\u2019\u00e9teindre. Il faut agir vite\u00a0\u00bb, a dans un premier temps tweet\u00e9 M. Trump.<\/p>\n<p>Plus tard, \u00e0 la tribune d\u2019une r\u00e9union politique dans l\u2019Etat du Minnesota, le pr\u00e9sident am\u00e9ricain a estim\u00e9 que la cath\u00e9drale gothique au coeur de Paris \u00e9tait \u00ab\u00a0l\u2019un des grands tr\u00e9sors du monde\u00a0\u00bb.<\/p>\n<p>\u00ab\u00a0Quand nous sommes sortis de l\u2019avion, elle br\u00fblait avec une intensit\u00e9 qu\u2019on voit rarement dans les incendies\u00a0\u00bb, a dit M. Trump.<\/p>\n<p>Le milliardaire r\u00e9publicain a ajout\u00e9 que Notre-Dame \u00e9tait \u00ab\u00a0probablement plus importante que pratiquement tous les mus\u00e9es du monde\u00a0\u00bb. \u00ab\u00a0C\u2019est au-del\u00e0 des pays, c\u2019est au-del\u00e0 de tout (\u2026), cela fait partie de notre culture, de notre vie, c\u2019est vraiment une grande cath\u00e9drale\u00a0\u00bb, a poursuivi M. Trump. \u00ab\u00a0C\u2019est une sc\u00e8ne terrible\u00a0\u00bb, a-t-il conclu au sujet de l\u2019incendie.<\/p>\n<p>La suggestion du locataire de la Maison Blanche d\u2019envoyer des bombardiers d\u2019eau sur l\u2019\u00eele de la Cit\u00e9 a tr\u00e8s vite \u00e9t\u00e9 rejet\u00e9e par la S\u00e9curit\u00e9 civile fran\u00e7aise, qui a soulign\u00e9 qu\u2019un tel largage d\u2019eau aurait risqu\u00e9 de faire s\u2019effondrer l\u2019int\u00e9gralit\u00e9 de la structure de l\u2019\u00e9difice.<\/p>\n<p>Les principales cha\u00eenes d\u2019information am\u00e9ricaines avaient en m\u00eame temps modifi\u00e9 leurs programmes pour diffuser en direct les images du sinistre.<\/p>\n<p>\u00ab\u00a0Je suis de tout coeur avec Paris\u00a0\u00bb, a tweet\u00e9 la d\u00e9mocrate Hillary Clinton, rivale d\u00e9faite de M. Trump \u00e0 la pr\u00e9sidentielle 2016.<\/p>\n<p><ins data-revive-zoneid=\"9\" data-revive-id=\"10111e19d28d19d031742ee3b0b33eb0\"\/> <\/p>\n<p>Melania Trump, la Premi\u00e8re dame des Etats-Unis, a assur\u00e9 avoir le \u00ab\u00a0coeur bris\u00e9\u00a0\u00bb pour les Parisiens en voyant les images du brasier.<\/p>\n<p>\u00ab\u00a0Je prie pour que tous soient sains et saufs\u00a0\u00bb, a tweet\u00e9 l\u2019\u00e9pouse du pr\u00e9sident am\u00e9ricain.<\/p>\n<p>\u00ab\u00a0Une vision bouleversante\u00a0\u00bb, a estim\u00e9 de son c\u00f4t\u00e9 la premi\u00e8re fille du pr\u00e9sident am\u00e9ricain, Ivanka Trump.<\/p>\n<p>Rappelant que Notre-Dame \u00e9tait un \u00ab\u00a0symbole embl\u00e9matique de foi dans le monde entier\u00a0\u00bb, le vice-pr\u00e9sident am\u00e9ricain Mike Pence a lui confi\u00e9: \u00ab\u00a0Il est d\u00e9chirant de voir une maison de Dieu en flammes\u00a0\u00bb.<\/p>\n<p>Les c\u00e9l\u00e8bres pompiers de New York, qui avaient pay\u00e9 un lourd tribut lors des attentats du 11-Septembre 2001, ont assur\u00e9 de leur solidarit\u00e9 les pompiers de Paris.<\/p>\n<p>Au-del\u00e0 de la renomm\u00e9e mondiale de la cath\u00e9drale gothique, Notre-Dame de Paris est bien connue des Am\u00e9ricains pour les nombreuses adaptations du roman \u00e9ponyme de Victor Hugo, publi\u00e9 en 1831.<\/p>\n<p>L\u2019histoire du sonneur de cloches, Quasimodo, et de la boh\u00e9mienne Esmeralda a fait l\u2019objet de multiples oeuvres musicales, cin\u00e9matographiques ou t\u00e9l\u00e9visuelles, dans lesquelles Hollywood a jou\u00e9 un r\u00f4le important.<\/p>\n<\/div>\n<p>Auteur: AFP<br \/>\n<a href=\"https:\/\/www.journalducameroun.com\/fr\/trump-deplore-le-terrible-incendie-a-notre-dame-et-conseille-les-pompiers\/\">Cliquez ici pour lire l&rsquo;article depuis sa source.<\/a><\/p>\n","protected":false},"excerpt":{"rendered":"<p>Publi\u00e9 le 15.04.2019 \u00e0 21h50 par AFP Donald Trump a tr\u00e8s rapidement comment\u00e9 le \u00ab\u00a0terrible\u00a0\u00bb incendie qui ravageait lundi l\u2019embl\u00e9matique cath\u00e9drale Notre-Dame de Paris, le pr\u00e9sident am\u00e9ricain livrant en m\u00eame temps ses propres conseils aux secours engag\u00e9s contre le sinistre. \u00ab\u00a0C\u2019est si terrible d\u2019assister \u00e0 ce gigantesque incendie \u00e0 Notre-Dame de Paris. Peut-\u00eatre faudrait-il utiliser [&hellip;]<\/p>\n","protected":false},"author":1965,"featured_media":0,"comment_status":"closed","ping_status":"closed","sticky":false,"template":"","format":"standard","meta":{"fifu_image_url":"","fifu_image_alt":"","footnotes":""},"categories":[73,82],"tags":[],"class_list":["post-28032","post","type-post","status-publish","format-standard","hentry","category-actualite","category-cameroun"],"_links":{"self":[{"href":"https:\/\/linitiative.ca\/International\/wp-json\/wp\/v2\/posts\/28032","targetHints":{"allow":["GET"]}}],"collection":[{"href":"https:\/\/linitiative.ca\/International\/wp-json\/wp\/v2\/posts"}],"about":[{"href":"https:\/\/linitiative.ca\/International\/wp-json\/wp\/v2\/types\/post"}],"author":[{"embeddable":true,"href":"https:\/\/linitiative.ca\/International\/wp-json\/wp\/v2\/users\/1965"}],"replies":[{"embeddable":true,"href":"https:\/\/linitiative.ca\/International\/wp-json\/wp\/v2\/comments?post=28032"}],"version-history":[{"count":0,"href":"https:\/\/linitiative.ca\/International\/wp-json\/wp\/v2\/posts\/28032\/revisions"}],"wp:attachment":[{"href":"https:\/\/linitiative.ca\/International\/wp-json\/wp\/v2\/media?parent=28032"}],"wp:term":[{"taxonomy":"category","embeddable":true,"href":"https:\/\/linitiative.ca\/International\/wp-json\/wp\/v2\/categories?post=28032"},{"taxonomy":"post_tag","embeddable":true,"href":"https:\/\/linitiative.ca\/International\/wp-json\/wp\/v2\/tags?post=28032"}],"curies":[{"name":"wp","href":"https:\/\/api.w.org\/{rel}","templated":true}]}}