{"id":28060,"date":"2019-04-15T13:54:01","date_gmt":"2019-04-15T17:54:01","guid":{"rendered":"https:\/\/linitiative.ca\/International\/jean-paul-tchomdou-lexperience-au-service-du-marketing\/"},"modified":"2019-04-15T13:54:01","modified_gmt":"2019-04-15T17:54:01","slug":"jean-paul-tchomdou-lexperience-au-service-du-marketing","status":"publish","type":"post","link":"https:\/\/linitiative.ca\/International\/jean-paul-tchomdou-lexperience-au-service-du-marketing\/","title":{"rendered":"Jean Paul Tchomdou : l\u2019exp\u00e9rience au service du Marketing"},"content":{"rendered":"<div class=\"entry-content entry clearfix\" readability=\"59.3043478261\">\n<p class=\"yiv2894880056ydp73e96c91msonormal c3\"><span class=\"c2\"><strong><a href=\"https:\/\/i0.wp.com\/ecomatin.net\/wp-content\/uploads\/2019\/04\/ecomatin.net-jean-paul-tchomdou-lexperience-au-service-du-marketing-57052331-2598710910143703-3741404964266704896-n.jpg?ssl=1\"><\/p>\n<p><img loading=\"lazy\" decoding=\"async\" data-attachment-id=\"7335\" data-permalink=\"https:\/\/ecomatin.net\/jean-paul-tchomdou-lexperience-au-service-du-marketing\/57052331-2598710910143703-3741404964266704896-n\/\" data-orig-file=\"https:\/\/i0.wp.com\/ecomatin.net\/wp-content\/uploads\/2019\/04\/ecomatin.net-jean-paul-tchomdou-lexperience-au-service-du-marketing-57052331-2598710910143703-3741404964266704896-n.jpg?fit=637%2C698&#038;ssl=1\" data-orig-size=\"637,698\" data-comments-opened=\"0\" data-image-meta=\"{\"aperture\":\"0\",\"credit\":\"\",\"camera\":\"\",\"caption\":\"\",\"created_timestamp\":\"0\",\"copyright\":\"\",\"focal_length\":\"0\",\"iso\":\"0\",\"shutter_speed\":\"0\",\"title\":\"\",\"orientation\":\"0\"}\" data-image-title=\"57052331-2598710910143703-3741404964266704896-n\" data-image-description=\"\" data-medium-file=\"https:\/\/i0.wp.com\/ecomatin.net\/wp-content\/uploads\/2019\/04\/ecomatin.net-jean-paul-tchomdou-lexperience-au-service-du-marketing-57052331-2598710910143703-3741404964266704896-n.jpg?fit=274%2C300&#038;ssl=1\" data-large-file=\"https:\/\/i0.wp.com\/ecomatin.net\/wp-content\/uploads\/2019\/04\/ecomatin.net-jean-paul-tchomdou-lexperience-au-service-du-marketing-57052331-2598710910143703-3741404964266704896-n.jpg?fit=637%2C698&#038;ssl=1\" class=\" wp-image-7335 alignleft\" src=\"https:\/\/i0.wp.com\/ecomatin.net\/wp-content\/uploads\/2019\/04\/ecomatin.net-jean-paul-tchomdou-lexperience-au-service-du-marketing-57052331-2598710910143703-3741404964266704896-n.jpg?resize=181%2C198&#038;ssl=1\" alt=\"\" width=\"181\" height=\"198\" srcset=\"https:\/\/i0.wp.com\/ecomatin.net\/wp-content\/uploads\/2019\/04\/ecomatin.net-jean-paul-tchomdou-lexperience-au-service-du-marketing-57052331-2598710910143703-3741404964266704896-n.jpg?w=637&#038;ssl=1 637w, https:\/\/i0.wp.com\/ecomatin.net\/wp-content\/uploads\/2019\/04\/ecomatin.net-jean-paul-tchomdou-lexperience-au-service-du-marketing-57052331-2598710910143703-3741404964266704896-n.jpg?resize=274%2C300&#038;ssl=1 274w\" sizes=\"auto, (max-width: 181px) 100vw, 181px\" data-recalc-dims=\"1\"\/><\/p>\n<p><\/a>Jean Paul Tchomdou<\/strong> a plusieurs cordes \u00e0 son arc. En plus de sa passion pour l\u2019audiovisuel, son amour et sa d\u00e9termination \u00e0 faire du Marketing un acc\u00e9l\u00e9rateur de croissance des entreprises viennent d\u2019\u00eatre honor\u00e9s. Depuis le 13 avril 2019, l\u2019expert en communication et production audiovisuelle chez In &#038; out\u00a0\u00a0est le Pr\u00e9sident de l\u2019Association camerounaise des professionnels du Marketing (<strong>ACPM<\/strong>). Il a \u00e9t\u00e9 \u00e9lu \u00e0 l\u2019occasion de l\u2019Assembl\u00e9e g\u00e9n\u00e9rale tenue au si\u00e8ge du Gicam \u00e0 Douala. Il sera assist\u00e9 dans ses fonctions par dix membres dont trois vice-pr\u00e9sidents. Au premier rang\u00a0: <strong>Marie Antoinette Eben<\/strong>e, directeur g\u00e9n\u00e9ral de Mekis. Au secr\u00e9tariat g\u00e9n\u00e9ral, <strong>H\u00e9l\u00e8ne Kenmegne<\/strong>, directeur de la communication \u00e0 la SABC. La tr\u00e9sorerie, elle est assur\u00e9e par <strong>Corine Mpondo<\/strong>, directeur marketing et commercial de la Bicec.\u00a0\u00a0Jean Paul Tchomdou durant son mandat s\u2019engage \u00e0 \u00ab\u00a0faire de l\u2019ACPM une organisation forte, cr\u00e9dible, un acteur de r\u00e9f\u00e9rence\u00a0\u00bb. D\u2019o\u00f9 le slogan \u00ab\u00a0New Deal\u00a0\u00bb.<\/span><\/p>\n<p class=\"yiv2894880056ydp73e96c91msonormal c4\"><span class=\"c2\">C\u2019est donc une nouvelle \u00e8re qui s\u2019ouvre pour l\u2019ancien pensionnaire de l\u2019Esstic. Ses \u00e9tudes en Publicit\u00e9, l\u2019on conduit \u00e0 la cr\u00e9ation en 2011 de \u00ab\u00a0In &#038; out\u00a0\u00bb. Une structure sp\u00e9cialis\u00e9e dans la communication et les contenus audiovisuels. De cette entreprise na\u00eetra\u00a0\u00a0l\u2019\u00e9mission Carri\u00e8res qui est la premi\u00e8re produite par la maison In &#038; out. Tout est parti du constat qu\u2019il faisait aupr\u00e8s de ses camarades et d\u2019autres jeunes de son \u00e2ge. Vingt ans apr\u00e8s, la premi\u00e8re \u00e9mission \u00ab\u00a0Carri\u00e8res\u00a0\u00bb est diffus\u00e9e sur les ondes d\u2019une cha\u00eene locale. Au-del\u00e0 de l\u2019originalit\u00e9 de l\u2019\u00e9mission, la qualit\u00e9 et le professionnalisme sont salu\u00e9s par tous.\u00a0\u00a0Jean Paul Tchomdou va produire une autre \u00e9mission en 2015 consacr\u00e9e cette fois-ci aux entreprises\u00a0: l\u2019\u00e9mission <strong>Strat\u00e9gie<\/strong>. Comme avec \u00ab\u00a0Carri\u00e8res\u00a0\u00bb, le niveau de professionnalisme est frappant. Les d\u00e9tails sont soign\u00e9s, qualit\u00e9\u00a0\u00a0de pr\u00e9sentation irr\u00e9prochable, contenu all\u00e9chant.<\/span><\/p>\n<p class=\"yiv2894880056ydp73e96c91msonormal c4\"><span class=\"c2\">Aujourd\u2019hui Jean Paul Tchomdou qui dispense les cours de strat\u00e9gie, de communication dans plusieurs \u00e9coles au Cameroun est une source d\u2019inspiration pour les jeunes. L\u2019Association (ACPM) qu\u2019il s\u2019en va diriger est la plus grande plateforme d\u2019\u00e9change et de r\u00e9seautage des professionnels du marketing au Cameroun. Avec pour objectifs de d\u00e9velopper\u00a0\u00a0les \u00e9changes et les relations entre les professionnels du Marketing et leur environnement. Promouvoir et assurer \u00e0 cette discipline, la place et la consid\u00e9ration qu\u2019elle m\u00e9rite au sein de la soci\u00e9t\u00e9 et des organisations.<\/span><\/p>\n<div class=\"about-author about-author-box container-wrapper\">\n<div class=\"author-avatar\">\n<p><img decoding=\"async\" src=\"http:\/\/\" alt=\"\"\/><\/p>\n<\/div>\n<p><h4>La R\u00e9daction EcoMatin<\/h4>\n<\/p>\n<\/div>\n<div class=\"awac-wrapper awac widget blog_subscription-2\">\n<h4 class=\"widget-title\">Abonnez-vous \u00e0 notre lettre d&rsquo;information<\/h4>\n<\/div>\n<\/div>\n<div class=\"toggle-post-content clearfix\"><a id=\"toggle-post-button\" class=\"button\" href=\"#\">Afficher plus <\/a><\/div>\n<p>Auteur: EcoMatin<br \/>\n<a href=\"https:\/\/ecomatin.net\/jean-paul-tchomdou-lexperience-au-service-du-marketing\/\">Cliquez ici pour lire l&rsquo;article depuis sa source.<\/a><\/p>\n","protected":false},"excerpt":{"rendered":"<p>Jean Paul Tchomdou a plusieurs cordes \u00e0 son arc. En plus de sa passion pour l\u2019audiovisuel, son amour et sa d\u00e9termination \u00e0 faire du Marketing un acc\u00e9l\u00e9rateur de croissance des entreprises viennent d\u2019\u00eatre honor\u00e9s. Depuis le 13 avril 2019, l\u2019expert en communication et production audiovisuelle chez In &#038; out\u00a0\u00a0est le Pr\u00e9sident de l\u2019Association camerounaise des [&hellip;]<\/p>\n","protected":false},"author":1969,"featured_media":0,"comment_status":"closed","ping_status":"closed","sticky":false,"template":"","format":"standard","meta":{"fifu_image_url":"","fifu_image_alt":"","footnotes":""},"categories":[82,78],"tags":[],"class_list":["post-28060","post","type-post","status-publish","format-standard","hentry","category-cameroun","category-economie"],"_links":{"self":[{"href":"https:\/\/linitiative.ca\/International\/wp-json\/wp\/v2\/posts\/28060","targetHints":{"allow":["GET"]}}],"collection":[{"href":"https:\/\/linitiative.ca\/International\/wp-json\/wp\/v2\/posts"}],"about":[{"href":"https:\/\/linitiative.ca\/International\/wp-json\/wp\/v2\/types\/post"}],"author":[{"embeddable":true,"href":"https:\/\/linitiative.ca\/International\/wp-json\/wp\/v2\/users\/1969"}],"replies":[{"embeddable":true,"href":"https:\/\/linitiative.ca\/International\/wp-json\/wp\/v2\/comments?post=28060"}],"version-history":[{"count":0,"href":"https:\/\/linitiative.ca\/International\/wp-json\/wp\/v2\/posts\/28060\/revisions"}],"wp:attachment":[{"href":"https:\/\/linitiative.ca\/International\/wp-json\/wp\/v2\/media?parent=28060"}],"wp:term":[{"taxonomy":"category","embeddable":true,"href":"https:\/\/linitiative.ca\/International\/wp-json\/wp\/v2\/categories?post=28060"},{"taxonomy":"post_tag","embeddable":true,"href":"https:\/\/linitiative.ca\/International\/wp-json\/wp\/v2\/tags?post=28060"}],"curies":[{"name":"wp","href":"https:\/\/api.w.org\/{rel}","templated":true}]}}