{"id":28076,"date":"2019-04-15T15:20:39","date_gmt":"2019-04-15T19:20:39","guid":{"rendered":"https:\/\/linitiative.ca\/International\/combats-en-libye-vigilance-securitaire-pour-empecher-linfiltration-de-terroristes\/"},"modified":"2019-04-15T15:20:39","modified_gmt":"2019-04-15T19:20:39","slug":"combats-en-libye-vigilance-securitaire-pour-empecher-linfiltration-de-terroristes","status":"publish","type":"post","link":"https:\/\/linitiative.ca\/International\/combats-en-libye-vigilance-securitaire-pour-empecher-linfiltration-de-terroristes\/","title":{"rendered":"Combats en Libye Vigilance s\u00e9curitaire pour emp\u00eacher l\u2019infiltration de terroristes"},"content":{"rendered":"<p>Les combats qui se d\u00e9roulent \u00e0 l\u2019ouest de la Libye fait craindre la ru\u00e9e de r\u00e9fugi\u00e9s vers la Tunisie, avec des possibilit\u00e9s d\u2019infiltrations de jihadistes et de terroristes dans leurs rangs. A cet effet, le ministre de l\u2019Int\u00e9rieur, Hichem Fourati, a fait savoir que les diff\u00e9rentes, au cours de la conf\u00e9rence des gouverneurs qui s\u2019est d\u00e9roul\u00e9e, \u00e0 Sousse, que les unit\u00e9s s\u00e9curitaires ont adopt\u00e9 des plans de s\u00e9curit\u00e9 pr\u00e9ventifs et exceptionnels et rehauss\u00e9 leur niveau de vigilance.<\/p>\n<p>Elles ont, \u00e9galement, intensifi\u00e9 leur coordination au quotidien avec l\u2019institution militaire dans le but de limiter les risques d\u2019infiltration des \u00e9l\u00e9ments terroristes dans le territoire tunisien \u00e0 travers les fronti\u00e8res Est et Ouest, notamment face \u00e0 la situation tendue et le conflit arm\u00e9 en Libye.<\/p>\n<p>Concernant l\u2019annulation du mandat d\u2019amener contre l\u2019ancien ministre de l\u2019Int\u00e9rieur, Najem Gharsalli, Fourati a indiqu\u00e9 que \u00ab cette question reste du ressort du Parquet \u00bb.<\/p>\n<p>Sur un autre plan, le ministre de l\u2019Int\u00e9rieur a fait observer que les diff\u00e9rentes brigades de contr\u00f4le \u00e9conomique relevant du minist\u00e8re du Commerce, ont entam\u00e9, en coordination avec les unit\u00e9s s\u00e9curitaires et douani\u00e8res, des campagnes de contr\u00f4le et de descentes dans les commerces et les d\u00e9p\u00f4ts qui accaparent les produits de consommation de base, et ce dans toutes les r\u00e9gions du pays.<\/p>\n<p class=\"dpsp-share-text\">Partager c&rsquo;est aimer!<\/p>\n<div class=\"wp-post-author-wrap wp-post-author-shortcode left\">\n<h3 class=\"awpa-title\"\/>\n<div class=\"wp-post-author\">\n<div class=\"awpa-img awpa-author-block square\"><a href=\"http:\/\/lexpertjournal.net\/fr\/author\/expert\/\"><img loading=\"lazy\" decoding=\"async\" alt=\"\" src=\"http:\/\/2.gravatar.com\/avatar\/56d99be2a6f97af88ccb49fada637fcd?s=150&#038;d=mm&#038;r=g\" srcset=\"http:\/\/2.gravatar.com\/avatar\/56d99be2a6f97af88ccb49fada637fcd?s=300&#038;d=mm&#038;r=g 2x\" class=\"avatar avatar-150 photo\" height=\"150\" width=\"150\"\/><\/a><\/div>\n<\/div>\n<\/div>\n<p>Auteur: L&rsquo;expert<br \/>\n<a href=\"http:\/\/lexpertjournal.net\/fr\/2019\/04\/15\/combats-en-libye-vigilance-securitaire-pour-empecher-linfiltration-de-terroristes\/\">Cliquez ici pour lire l&rsquo;article depuis sa source.<\/a><\/p>\n","protected":false},"excerpt":{"rendered":"<p>Les combats qui se d\u00e9roulent \u00e0 l\u2019ouest de la Libye fait craindre la ru\u00e9e de r\u00e9fugi\u00e9s vers la Tunisie, avec des possibilit\u00e9s d\u2019infiltrations de jihadistes et de terroristes dans leurs rangs. A cet effet, le ministre de l\u2019Int\u00e9rieur, Hichem Fourati, a fait savoir que les diff\u00e9rentes, au cours de la conf\u00e9rence des gouverneurs qui s\u2019est [&hellip;]<\/p>\n","protected":false},"author":1775,"featured_media":0,"comment_status":"closed","ping_status":"closed","sticky":false,"template":"","format":"standard","meta":{"fifu_image_url":"","fifu_image_alt":"","footnotes":""},"categories":[78,55],"tags":[],"class_list":["post-28076","post","type-post","status-publish","format-standard","hentry","category-economie","category-tunisie"],"_links":{"self":[{"href":"https:\/\/linitiative.ca\/International\/wp-json\/wp\/v2\/posts\/28076","targetHints":{"allow":["GET"]}}],"collection":[{"href":"https:\/\/linitiative.ca\/International\/wp-json\/wp\/v2\/posts"}],"about":[{"href":"https:\/\/linitiative.ca\/International\/wp-json\/wp\/v2\/types\/post"}],"author":[{"embeddable":true,"href":"https:\/\/linitiative.ca\/International\/wp-json\/wp\/v2\/users\/1775"}],"replies":[{"embeddable":true,"href":"https:\/\/linitiative.ca\/International\/wp-json\/wp\/v2\/comments?post=28076"}],"version-history":[{"count":0,"href":"https:\/\/linitiative.ca\/International\/wp-json\/wp\/v2\/posts\/28076\/revisions"}],"wp:attachment":[{"href":"https:\/\/linitiative.ca\/International\/wp-json\/wp\/v2\/media?parent=28076"}],"wp:term":[{"taxonomy":"category","embeddable":true,"href":"https:\/\/linitiative.ca\/International\/wp-json\/wp\/v2\/categories?post=28076"},{"taxonomy":"post_tag","embeddable":true,"href":"https:\/\/linitiative.ca\/International\/wp-json\/wp\/v2\/tags?post=28076"}],"curies":[{"name":"wp","href":"https:\/\/api.w.org\/{rel}","templated":true}]}}