{"id":28077,"date":"2019-04-15T15:24:09","date_gmt":"2019-04-15T19:24:09","guid":{"rendered":"https:\/\/linitiative.ca\/International\/comme-sil-ny-en-a-pas-assez-un-217eme-parti-politique-mouvement-du-renouveau-arabe-voit-le-jour\/"},"modified":"2019-04-15T15:24:09","modified_gmt":"2019-04-15T19:24:09","slug":"comme-sil-ny-en-a-pas-assez-un-217eme-parti-politique-mouvement-du-renouveau-arabe-voit-le-jour","status":"publish","type":"post","link":"https:\/\/linitiative.ca\/International\/comme-sil-ny-en-a-pas-assez-un-217eme-parti-politique-mouvement-du-renouveau-arabe-voit-le-jour\/","title":{"rendered":"Comme s\u2019il n\u2019y en a pas assez : Un 217\u00e8me parti politique \u00ab Mouvement du renouveau arabe \u00bb voit le jour"},"content":{"rendered":"<p>Le nombre des partis politique ne cesse de gonfler, alors que leurs cr\u00e9ateurs ne sont l\u00e0 que pour orner le paysage, surtout qu\u2019avec les moyens dont ils disposent, il n\u2019est pas possible pour eux de faire la diff\u00e9rence.<\/p>\n<p>Un nouveau parti politique baptis\u00e9 \u00ab Mouvement du renouveau arabe \u00bb vient d\u2019\u00eatre cr\u00e9\u00e9, indiquent, lundi, par les services du minist\u00e8re des Relations avec les Instances constitutionnelles et la Soci\u00e9t\u00e9 civile et des Droits de l\u2019Homme.<\/p>\n<p>Le fondateur et pr\u00e9sident du parti est Mohamed El Boussairi Akremi.<\/p>\n<p>Avec la cr\u00e9ation de ce mouvement, le nombre total des partis politiques reconnus s\u2019\u00e9l\u00e8ve d\u00e9sormais \u00e0 217, pr\u00e9cise la m\u00eame source qui pr\u00e9cise que le parti a \u00e9t\u00e9 cr\u00e9\u00e9 conform\u00e9ment aux dispositions du d\u00e9cret-loi n\u00b0 2011-87 du 24 septembre 2011, portant organisation des partis politiques.<\/p>\n<p class=\"dpsp-share-text\">Partager c&rsquo;est aimer!<\/p>\n<div class=\"wp-post-author-wrap wp-post-author-shortcode left\">\n<h3 class=\"awpa-title\"\/>\n<div class=\"wp-post-author\">\n<div class=\"awpa-img awpa-author-block square\"><a href=\"http:\/\/lexpertjournal.net\/fr\/author\/expert\/\"><img loading=\"lazy\" decoding=\"async\" alt=\"\" src=\"http:\/\/2.gravatar.com\/avatar\/56d99be2a6f97af88ccb49fada637fcd?s=150&#038;d=mm&#038;r=g\" srcset=\"http:\/\/2.gravatar.com\/avatar\/56d99be2a6f97af88ccb49fada637fcd?s=300&#038;d=mm&#038;r=g 2x\" class=\"avatar avatar-150 photo\" height=\"150\" width=\"150\"\/><\/a><\/div>\n<\/div>\n<\/div>\n<p>Auteur: L&rsquo;expert<br \/>\n<a href=\"http:\/\/lexpertjournal.net\/fr\/2019\/04\/15\/comme-sil-ny-en-a-pas-assez-un-217eme-parti-politique-mouvement-du-renouveau-arabe-voit-le-jour\/\">Cliquez ici pour lire l&rsquo;article depuis sa source.<\/a><\/p>\n","protected":false},"excerpt":{"rendered":"<p>Le nombre des partis politique ne cesse de gonfler, alors que leurs cr\u00e9ateurs ne sont l\u00e0 que pour orner le paysage, surtout qu\u2019avec les moyens dont ils disposent, il n\u2019est pas possible pour eux de faire la diff\u00e9rence. Un nouveau parti politique baptis\u00e9 \u00ab Mouvement du renouveau arabe \u00bb vient d\u2019\u00eatre cr\u00e9\u00e9, indiquent, lundi, par [&hellip;]<\/p>\n","protected":false},"author":1775,"featured_media":0,"comment_status":"closed","ping_status":"closed","sticky":false,"template":"","format":"standard","meta":{"fifu_image_url":"","fifu_image_alt":"","footnotes":""},"categories":[78,55],"tags":[],"class_list":["post-28077","post","type-post","status-publish","format-standard","hentry","category-economie","category-tunisie"],"_links":{"self":[{"href":"https:\/\/linitiative.ca\/International\/wp-json\/wp\/v2\/posts\/28077","targetHints":{"allow":["GET"]}}],"collection":[{"href":"https:\/\/linitiative.ca\/International\/wp-json\/wp\/v2\/posts"}],"about":[{"href":"https:\/\/linitiative.ca\/International\/wp-json\/wp\/v2\/types\/post"}],"author":[{"embeddable":true,"href":"https:\/\/linitiative.ca\/International\/wp-json\/wp\/v2\/users\/1775"}],"replies":[{"embeddable":true,"href":"https:\/\/linitiative.ca\/International\/wp-json\/wp\/v2\/comments?post=28077"}],"version-history":[{"count":0,"href":"https:\/\/linitiative.ca\/International\/wp-json\/wp\/v2\/posts\/28077\/revisions"}],"wp:attachment":[{"href":"https:\/\/linitiative.ca\/International\/wp-json\/wp\/v2\/media?parent=28077"}],"wp:term":[{"taxonomy":"category","embeddable":true,"href":"https:\/\/linitiative.ca\/International\/wp-json\/wp\/v2\/categories?post=28077"},{"taxonomy":"post_tag","embeddable":true,"href":"https:\/\/linitiative.ca\/International\/wp-json\/wp\/v2\/tags?post=28077"}],"curies":[{"name":"wp","href":"https:\/\/api.w.org\/{rel}","templated":true}]}}