{"id":28079,"date":"2019-04-16T03:58:20","date_gmt":"2019-04-16T07:58:20","guid":{"rendered":"https:\/\/linitiative.ca\/International\/commerce-exterieur-baisse-des-echanges-commerciaux-durant-le-1er-trimestre-de-2019-2\/"},"modified":"2019-04-16T03:58:20","modified_gmt":"2019-04-16T07:58:20","slug":"commerce-exterieur-baisse-des-echanges-commerciaux-durant-le-1er-trimestre-de-2019-2","status":"publish","type":"post","link":"https:\/\/linitiative.ca\/International\/commerce-exterieur-baisse-des-echanges-commerciaux-durant-le-1er-trimestre-de-2019-2\/","title":{"rendered":"Commerce ext\u00e9rieur :Baisse des \u00e9changes commerciaux durant le 1er trimestre de 2019"},"content":{"rendered":"<p>Les \u00e9changes commerciaux de la Tunisie avec l\u2019\u00e9tranger ont enregistr\u00e9 en volume (prix constant) une baisse \u00e0 l\u2019export de l\u2019ordre de 3,4% et \u00e0 l\u2019import de l\u2019ordre de 5,1%, au cours du premier trimestre de l\u2019ann\u00e9e 2019 par rapport \u00e0 la m\u00eame p\u00e9riode de l\u2019ann\u00e9e \u00e9coul\u00e9e, selon les derniers chiffres de l\u2019Institut national de la statistique (INS).<\/p>\n<p>Au niveau des prix, ils ont augment\u00e9 respectivement de 20,5% pour les exportations et de 20,4% pour les importations, souligne l\u2019INS dans un bilan sur le commerce ext\u00e9rieur \u00e0 prix constant au titre du mois de mars 2019.<\/p>\n<p>En valeurs courantes, les \u00e9changes commerciaux de la Tunisie avec l\u2019ext\u00e9rieur ont atteint les valeurs de 11846,4 MD en exportations et 15819,6 MD en importations, durant le premier trimestre de 2019, enregistrant, ainsi, une hausse de 16,3% \u00e0 l\u2019export et de 14,3% \u00e0 l\u2019import, et ce, par rapport \u00e0 la m\u00eame p\u00e9riode de l\u2019ann\u00e9e 2018.<\/p>\n<p>Pour ce qui est de l\u2019\u00e9volution du commerce ext\u00e9rieur hors \u00e9nergie, les prix ont augment\u00e9 \u00e0 l\u2019export de 20,6% et \u00e0 l\u2019import de 19,7% et ce par rapport au premier trimestre de l\u2019ann\u00e9e derni\u00e8re.<\/p>\n<p>En effet, les prix de l\u2019\u00e9nergie ont enregistr\u00e9 des hausses de l\u2019ordre de 17,7% \u00e0 l\u2019export et de 24,8% \u00e0 l\u2019import, durant le premier trimestre de l\u2019ann\u00e9e courante.<\/p>\n<p>La m\u00eame source r\u00e9v\u00e8le que les exportations en volume ont baiss\u00e9 de 2,5 % dans le secteur du textile\/habillement et cuir et de 3,6% dans le secteur des industries m\u00e9caniques et \u00e9lectriques.<\/p>\n<p>Cette baisse a \u00e9galement \u00e9t\u00e9 observ\u00e9e dans le secteur de l\u2019agriculture et de l\u2019industrie agroalimentaire (19,6%).<\/p>\n<p>Les exportations du secteur de l\u2019\u00e9nergie ont augment\u00e9 en volume de l\u2019ordre 11,6% et celle des mines phosphates et d\u00e9riv\u00e9s de l\u2019ordre de 23,9%.<\/p>\n<p>Concernant les importations, l\u2019\u00e9volution en volume a \u00e9t\u00e9 marqu\u00e9e par une baisse au niveau de la majorit\u00e9 des secteurs, essentiellement, le secteur des mines phosphates et d\u00e9riv\u00e9s de l\u2019ordre (32,9%) et le secteur de l\u2019\u00e9nergie (11,3%).<\/p>\n<p class=\"dpsp-share-text\">Partager c&rsquo;est aimer!<\/p>\n<div class=\"wp-post-author-wrap wp-post-author-shortcode left\">\n<h3 class=\"awpa-title\"\/>\n<div class=\"wp-post-author\">\n<div class=\"awpa-img awpa-author-block square\"><a href=\"http:\/\/lexpertjournal.net\/fr\/author\/expert\/\"><img loading=\"lazy\" decoding=\"async\" alt=\"\" src=\"http:\/\/2.gravatar.com\/avatar\/56d99be2a6f97af88ccb49fada637fcd?s=150&#038;d=mm&#038;r=g\" srcset=\"http:\/\/2.gravatar.com\/avatar\/56d99be2a6f97af88ccb49fada637fcd?s=300&#038;d=mm&#038;r=g 2x\" class=\"avatar avatar-150 photo\" height=\"150\" width=\"150\"\/><\/a><\/div>\n<\/div>\n<\/div>\n<p>Auteur: L&rsquo;expert<br \/>\n<a href=\"http:\/\/lexpertjournal.net\/fr\/2019\/04\/16\/commerce-exterieur-baisse-des-echanges-commerciaux-durant-le-1er-trimestre-de-2019-2\/\">Cliquez ici pour lire l&rsquo;article depuis sa source.<\/a><\/p>\n","protected":false},"excerpt":{"rendered":"<p>Les \u00e9changes commerciaux de la Tunisie avec l\u2019\u00e9tranger ont enregistr\u00e9 en volume (prix constant) une baisse \u00e0 l\u2019export de l\u2019ordre de 3,4% et \u00e0 l\u2019import de l\u2019ordre de 5,1%, au cours du premier trimestre de l\u2019ann\u00e9e 2019 par rapport \u00e0 la m\u00eame p\u00e9riode de l\u2019ann\u00e9e \u00e9coul\u00e9e, selon les derniers chiffres de l\u2019Institut national de la [&hellip;]<\/p>\n","protected":false},"author":1775,"featured_media":0,"comment_status":"closed","ping_status":"closed","sticky":false,"template":"","format":"standard","meta":{"fifu_image_url":"","fifu_image_alt":"","footnotes":""},"categories":[78,55],"tags":[],"class_list":["post-28079","post","type-post","status-publish","format-standard","hentry","category-economie","category-tunisie"],"_links":{"self":[{"href":"https:\/\/linitiative.ca\/International\/wp-json\/wp\/v2\/posts\/28079","targetHints":{"allow":["GET"]}}],"collection":[{"href":"https:\/\/linitiative.ca\/International\/wp-json\/wp\/v2\/posts"}],"about":[{"href":"https:\/\/linitiative.ca\/International\/wp-json\/wp\/v2\/types\/post"}],"author":[{"embeddable":true,"href":"https:\/\/linitiative.ca\/International\/wp-json\/wp\/v2\/users\/1775"}],"replies":[{"embeddable":true,"href":"https:\/\/linitiative.ca\/International\/wp-json\/wp\/v2\/comments?post=28079"}],"version-history":[{"count":0,"href":"https:\/\/linitiative.ca\/International\/wp-json\/wp\/v2\/posts\/28079\/revisions"}],"wp:attachment":[{"href":"https:\/\/linitiative.ca\/International\/wp-json\/wp\/v2\/media?parent=28079"}],"wp:term":[{"taxonomy":"category","embeddable":true,"href":"https:\/\/linitiative.ca\/International\/wp-json\/wp\/v2\/categories?post=28079"},{"taxonomy":"post_tag","embeddable":true,"href":"https:\/\/linitiative.ca\/International\/wp-json\/wp\/v2\/tags?post=28079"}],"curies":[{"name":"wp","href":"https:\/\/api.w.org\/{rel}","templated":true}]}}