{"id":28094,"date":"2019-04-16T11:01:00","date_gmt":"2019-04-16T15:01:00","guid":{"rendered":"https:\/\/linitiative.ca\/International\/gaid-salah-evoque-des-perspectives-ouvertes\/"},"modified":"2019-04-16T11:01:00","modified_gmt":"2019-04-16T15:01:00","slug":"gaid-salah-evoque-des-perspectives-ouvertes","status":"publish","type":"post","link":"https:\/\/linitiative.ca\/International\/gaid-salah-evoque-des-perspectives-ouvertes\/","title":{"rendered":"Gaid Salah \u00e9voque des perspectives ouvertes"},"content":{"rendered":"<div id=\"originalText\" readability=\"101\">\n<p>Ahmed Ga\u00efd Salah, et donc l\u2019arm\u00e9e, ne tient pas \u00e0 une transition dans le cadre stricte de la constitution comme on tiendrait \u00e0 un sacerdoce.<\/p>\n<p>En visite de travail dans la wilaya d\u2019Ouargla, le chef d\u2019\u00e9tat-major de l\u2019ANP a mis, dans un discours fort attendu, une nouvelle variante dans la feuille de route qu\u2019il a soutenue jusqu\u2019ici.<\/p>\n<p>Ga\u00efd Salah, qui a mis l\u2019accent sur l\u2019urgence de sortir de la crise dans laquelle le pays s\u2019enlise, a laiss\u00e9 le spectre des solutions ouvert. \u00ab\u00a0j\u2019insiste une fois encore sur la n\u00e9cessit\u00e9 de suivre la voie de la sagesse et de la patience, \u00e9tant donn\u00e9 que la situation pr\u00e9valant au d\u00e9but de cette transition est exceptionnelle et complexe, n\u00e9cessitant la conjugaison des efforts de tous les patriotes d\u00e9vou\u00e9s en vue de sortir indemne de cette \u00e9preuve\u00bb\u00a0, a-t-il dit, ajoutant que (\u2026) toutes les perspectives possibles sont ouvertes afin de surpasser les difficult\u00e9s et trouver une solution \u00e0 la crise dans les meilleurs d\u00e9lais, car la situation ne peut perdurer davantage, vu que le temps nous est compt\u00e9(\u2026 ).<\/p>\n<p>Ce spectre ouvert de perspective et l\u2019urgence d\u2019aller vers une solution de sortie de crise signifient-ils un abandon de la transition telle que pr\u00e9conis\u00e9\u00a0et entam\u00e9e depuis la d\u00e9mission de Bouteflika\u00a0? La d\u00e9mission, le jour m\u00eame, du pr\u00e9sident du conseil constitutionnel, Tayeb Bela\u00efz, peut\u00a0le sugg\u00e9rer, mais, il faut peut-\u00eatre se garder de toute conclusion pr\u00e9cipit\u00e9e.<\/p>\n<p>Ceci m\u00eame s\u2019il y a lieu de noter une \u00e9volution notable dans le discours du chef de l\u2019\u00e9tat-major de l\u2019ANP\u00a0qui, le 30 mars dernier, formulait une solution de sortie de crise qui s\u2019inscrit \u00ab\u00a0exclusivement dans le cadre constitutionnel\u00a0\u00bb.Ga\u00efd Salah \u00e9largissait ce jour-l\u00e0 le cadre constitutionnel aux articles 7 et 8 de la constitution qui \u00e9noncent la souverainet\u00e9 du peuple.<\/p>\n<p>Apr\u00e8s le discours\u00a0 d\u2019aujourd\u2019hui de Ga\u00efd Salah, les choses sont appel\u00e9es \u00e0 \u00e9voluer rapidement. Que ce soit pour la mise en application d\u2019une \u00e9ventuelle nouvelle feuille de route ou par rapport au traitement des dossiers de corruption.<\/p>\n<p><strong>Corruption\u00a0: La justice invit\u00e9e \u00e0 agir vite<\/strong><\/p>\n<p>Le chef d\u2019\u00e9tat-major de l\u2019ANP\u00a0est revenu \u00e0 la charge concernant le dossier de la corruption. (\u2026) \u00ab nous attendons \u00e0 ce que les instances judiciaires concern\u00e9es acc\u00e9l\u00e8rent la cadence du traitement des diff\u00e9rents dossiers concernant certaines personnes ayant b\u00e9n\u00e9fici\u00e9 ind\u00fbment de cr\u00e9dits estim\u00e9s \u00e0 des milliards, causant pr\u00e9judice au tr\u00e9sor public et dilapidant l\u2019argent du peuple\u00a0\u00bb.<\/p>\n<p>Il y a dans ce ton employ\u00e9 par Ga\u00efd Salah une incitation \u00e0 instruire au plus vite les dossiers d\u2019une corruption qu\u2019il affirme existante, puisqu\u2019il parle de dilapidation, de cr\u00e9dits ind\u00fbment octroy\u00e9s etc.\u00a0<\/p>\n<p>Des termes qui normalement renvoient \u00e0 des r\u00e9alit\u00e9s non pas soup\u00e7onn\u00e9es mais av\u00e9r\u00e9es. Mais la justice ouvrira-t-elle vraiment la boite de pandore ou se contentera-t-elle d\u2019instruire certains dossiers et en occulter d\u2019autres\u00a0?<\/p>\n<p>La question se pose car, pour que la lutte contre la corruption soit impartiale, il faut que la justice jouisse d\u2019une totale ind\u00e9pendance. Ce qui est encore loin d\u2019\u00eatre le cas.<\/p>\n<p class=\"c10\"><strong>Sofiane Ait Iflis<\/strong><\/p>\n<\/div>\n<div id=\"text_core\" readability=\"101\">\n<p>Ahmed Ga\u00efd Salah, et donc l\u2019arm\u00e9e, ne tient pas \u00e0 une transition dans le cadre stricte de la constitution comme on tiendrait \u00e0 un sacerdoce.<\/p>\n<p>En visite de travail dans la wilaya d\u2019Ouargla, le chef d\u2019\u00e9tat-major de l\u2019ANP a mis, dans un discours fort attendu, une nouvelle variante dans la feuille de route qu\u2019il a soutenue jusqu\u2019ici.<\/p>\n<p>Ga\u00efd Salah, qui a mis l\u2019accent sur l\u2019urgence de sortir de la crise dans laquelle le pays s\u2019enlise, a laiss\u00e9 le spectre des solutions ouvert. \u00ab\u00a0j\u2019insiste une fois encore sur la n\u00e9cessit\u00e9 de suivre la voie de la sagesse et de la patience, \u00e9tant donn\u00e9 que la situation pr\u00e9valant au d\u00e9but de cette transition est exceptionnelle et complexe, n\u00e9cessitant la conjugaison des efforts de tous les patriotes d\u00e9vou\u00e9s en vue de sortir indemne de cette \u00e9preuve\u00bb\u00a0, a-t-il dit, ajoutant que (\u2026) toutes les perspectives possibles sont ouvertes afin de surpasser les difficult\u00e9s et trouver une solution \u00e0 la crise dans les meilleurs d\u00e9lais, car la situation ne peut perdurer davantage, vu que le temps nous est compt\u00e9(\u2026 ).<\/p>\n<p>Ce spectre ouvert de perspective et l\u2019urgence d\u2019aller vers une solution de sortie de crise signifient-ils un abandon de la transition telle que pr\u00e9conis\u00e9\u00a0et entam\u00e9e depuis la d\u00e9mission de Bouteflika\u00a0? La d\u00e9mission, le jour m\u00eame, du pr\u00e9sident du conseil constitutionnel, Tayeb Bela\u00efz, peut\u00a0le sugg\u00e9rer, mais, il faut peut-\u00eatre se garder de toute conclusion pr\u00e9cipit\u00e9e.<\/p>\n<p>Ceci m\u00eame s\u2019il y a lieu de noter une \u00e9volution notable dans le discours du chef de l\u2019\u00e9tat-major de l\u2019ANP\u00a0qui, le 30 mars dernier, formulait une solution de sortie de crise qui s\u2019inscrit \u00ab\u00a0exclusivement dans le cadre constitutionnel\u00a0\u00bb.Ga\u00efd Salah \u00e9largissait ce jour-l\u00e0 le cadre constitutionnel aux articles 7 et 8 de la constitution qui \u00e9noncent la souverainet\u00e9 du peuple.<\/p>\n<p>Apr\u00e8s le discours\u00a0 d\u2019aujourd\u2019hui de Ga\u00efd Salah, les choses sont appel\u00e9es \u00e0 \u00e9voluer rapidement. Que ce soit pour la mise en application d\u2019une \u00e9ventuelle nouvelle feuille de route ou par rapport au traitement des dossiers de corruption.<\/p>\n<p><strong>Corruption\u00a0: La justice invit\u00e9e \u00e0 agir vite<\/strong><\/p>\n<p>Le chef d\u2019\u00e9tat-major de l\u2019ANP\u00a0est revenu \u00e0 la charge concernant le dossier de la corruption. (\u2026) \u00ab nous attendons \u00e0 ce que les instances judiciaires concern\u00e9es acc\u00e9l\u00e8rent la cadence du traitement des diff\u00e9rents dossiers concernant certaines personnes ayant b\u00e9n\u00e9fici\u00e9 ind\u00fbment de cr\u00e9dits estim\u00e9s \u00e0 des milliards, causant pr\u00e9judice au tr\u00e9sor public et dilapidant l\u2019argent du peuple\u00a0\u00bb.<\/p>\n<p>Il y a dans ce ton employ\u00e9 par Ga\u00efd Salah une incitation \u00e0 instruire au plus vite les dossiers d\u2019une corruption qu\u2019il affirme existante, puisqu\u2019il parle de dilapidation, de cr\u00e9dits ind\u00fbment octroy\u00e9s etc.\u00a0<\/p>\n<p>Des termes qui normalement renvoient \u00e0 des r\u00e9alit\u00e9s non pas soup\u00e7onn\u00e9es mais av\u00e9r\u00e9es. Mais la justice ouvrira-t-elle vraiment la boite de pandore ou se contentera-t-elle d\u2019instruire certains dossiers et en occulter d\u2019autres\u00a0?<\/p>\n<p>La question se pose car, pour que la lutte contre la corruption soit impartiale, il faut que la justice jouisse d\u2019une totale ind\u00e9pendance. Ce qui est encore loin d\u2019\u00eatre le cas.<\/p>\n<p class=\"c10\"><strong>Sofiane Ait Iflis<\/strong><\/p>\n<\/div>\n<p>Auteur:<br \/>\n<a href=\"https:\/\/www.liberte-algerie.com\/actualite\/gaid-salah-evoque-des-perspectives-ouvertes-313993\">Cliquez ici pour lire l&rsquo;article depuis sa source.<\/a><\/p>\n","protected":false},"excerpt":{"rendered":"<p>Ahmed Ga\u00efd Salah, et donc l\u2019arm\u00e9e, ne tient pas \u00e0 une transition dans le cadre stricte de la constitution comme on tiendrait \u00e0 un sacerdoce. En visite de travail dans la wilaya d\u2019Ouargla, le chef d\u2019\u00e9tat-major de l\u2019ANP a mis, dans un discours fort attendu, une nouvelle variante dans la feuille de route qu\u2019il a [&hellip;]<\/p>\n","protected":false},"author":1742,"featured_media":0,"comment_status":"closed","ping_status":"closed","sticky":false,"template":"","format":"standard","meta":{"fifu_image_url":"","fifu_image_alt":"","footnotes":""},"categories":[73,53],"tags":[],"class_list":["post-28094","post","type-post","status-publish","format-standard","hentry","category-actualite","category-algerie"],"_links":{"self":[{"href":"https:\/\/linitiative.ca\/International\/wp-json\/wp\/v2\/posts\/28094","targetHints":{"allow":["GET"]}}],"collection":[{"href":"https:\/\/linitiative.ca\/International\/wp-json\/wp\/v2\/posts"}],"about":[{"href":"https:\/\/linitiative.ca\/International\/wp-json\/wp\/v2\/types\/post"}],"author":[{"embeddable":true,"href":"https:\/\/linitiative.ca\/International\/wp-json\/wp\/v2\/users\/1742"}],"replies":[{"embeddable":true,"href":"https:\/\/linitiative.ca\/International\/wp-json\/wp\/v2\/comments?post=28094"}],"version-history":[{"count":0,"href":"https:\/\/linitiative.ca\/International\/wp-json\/wp\/v2\/posts\/28094\/revisions"}],"wp:attachment":[{"href":"https:\/\/linitiative.ca\/International\/wp-json\/wp\/v2\/media?parent=28094"}],"wp:term":[{"taxonomy":"category","embeddable":true,"href":"https:\/\/linitiative.ca\/International\/wp-json\/wp\/v2\/categories?post=28094"},{"taxonomy":"post_tag","embeddable":true,"href":"https:\/\/linitiative.ca\/International\/wp-json\/wp\/v2\/tags?post=28094"}],"curies":[{"name":"wp","href":"https:\/\/api.w.org\/{rel}","templated":true}]}}