{"id":28099,"date":"2019-04-15T16:42:57","date_gmt":"2019-04-15T20:42:57","guid":{"rendered":"https:\/\/linitiative.ca\/International\/inauguration-officielle-de-la-ligne-directe-istanbul-marrakech-de-la-turkish-airlines\/"},"modified":"2019-04-15T16:42:57","modified_gmt":"2019-04-15T20:42:57","slug":"inauguration-officielle-de-la-ligne-directe-istanbul-marrakech-de-la-turkish-airlines","status":"publish","type":"post","link":"https:\/\/linitiative.ca\/International\/inauguration-officielle-de-la-ligne-directe-istanbul-marrakech-de-la-turkish-airlines\/","title":{"rendered":"Inauguration officielle de la ligne directe Istanbul-Marrakech de la \u00ab\u00a0Turkish Airlines\u00a0\u00bb"},"content":{"rendered":"<div readability=\"37\">\n<p>Marrakech- Un avion de la compagnie a\u00e9rienne \u00ab\u00a0Turkish Airlines\u00a0\u00bb a atterri, lundi apr\u00e8s-midi, \u00e0 l\u2019a\u00e9roport international de Marrakech-Menara, marquant ainsi l\u2019inauguration de la nouvelle ligne a\u00e9rienne directe entre la ville d\u2019Istanbul et la cit\u00e9 ocre.<\/p>\n<\/div>\n<div readability=\"153\">\n<p>A son arriv\u00e9e sur le tarmac de l\u2019a\u00e9roport de Marrakech-Menara, l\u2019avion de la compagnie a\u00e9rienne turque, un Boeing \u00ab\u00a0777-300 ER\u00a0\u00bb, a \u00e9t\u00e9 accueilli par le salut traditionnel aux canons \u00e0 eau.<\/p>\n<p>A cette occasion, une grande c\u00e9r\u00e9monie a \u00e9t\u00e9 organis\u00e9e dans l\u2019enceinte de cette infrastructure a\u00e9roportuaire pour c\u00e9l\u00e9brer cet \u00e9v\u00e9nement, en pr\u00e9sence notamment de dirigeants de la \u00ab\u00a0Turkish Airlines\u00a0\u00bb, de responsables de l\u2019a\u00e9roport de Marrakech-Menara, d\u2019\u00e9lus locaux ainsi que de repr\u00e9sentants de plusieurs m\u00e9dias marocains et turcs.<\/p>\n<p>A travers le lancement de cette route a\u00e9rienne, \u00ab\u00a0Turkish Airlines\u00a0\u00bb poursuit son expansion en Afrique et ajoute la cit\u00e9 ocre \u00e0 son vaste r\u00e9seau, la compagnie turque desservant plus de pays que n\u2019importe quel autre transporteur a\u00e9rien dans le monde.<\/p>\n<p>Ainsi, la nouvelle desserte sera op\u00e9r\u00e9e \u00e0 hauteur de cinq vols par semaine (lundi, mercredi, vendredi, samedi et dimanche) entre l\u2019a\u00e9roport international d\u2019Istanbul et l\u2019a\u00e9roport international de Marrakech-Menara.<\/p>\n<p>Les d\u00e9parts vers Marrakech sont programm\u00e9s \u00e0 11h30 (HL) pour une arriv\u00e9e \u00e0 14h30 (HL), alors que les vols retour sont pr\u00e9vus avec un d\u00e9part de la cit\u00e9 ocre \u00e0 15h25 (HL) et une arriv\u00e9e \u00e0 la m\u00e9tropole turque \u00e0 22h05 (HL).<\/p>\n<p>Avec le lancement de ce nouveau vol direct, Marrakech devient la 56\u00e8 destination en Afrique de \u00ab\u00a0Turkish Airlines\u00a0\u00bb, dont le vaste r\u00e9seau sur le Continent surpasse ceux de toutes les autres compagnies a\u00e9riennes, et ne cesse de se d\u00e9velopper avec l\u2019ajout r\u00e9cent de nouvelles destinations, telles que Aqaba, Moroni, Banjul en 2018 et Sharjah en 2019.<\/p>\n<p>Cette ligne a\u00e9rienne Istanbul-Marrakech porte \u00e0 308 le nombre de destinations (259 internationales et 49 domestiques) desservies par \u00ab\u00a0Turkish Airlines\u00a0\u00bb dans 124 pays \u00e0 travers le monde.<\/p>\n<p>Dans leurs interventions lors de cette c\u00e9r\u00e9monie, plusieurs responsables turcs et marocains ont salu\u00e9 l\u2019ouverture de cette liaison a\u00e9rienne, tout en soulignant \u00e0 l\u2019unisson que cette desserte va permettre de renforcer et de consolider davantage les liens entre le Maroc et la Turquie.<\/p>\n<p>Ils ont aussi estim\u00e9 que ce nouveau vol Istanbul-Marrakech favorisera la promotion des relations bilat\u00e9rales et contribuera \u00e0 donner un nouvel \u00e9lan au secteur du tourisme dans les deux pays.<\/p>\n<p>Commentant ce vol inaugural, le directeur du marketing de \u00ab\u00a0Turkish Airlines\u00a0\u00bb, Ahmet Olmu\u015ftur, a d\u00e9clar\u00e9 qu&rsquo;\u00a0\u00bbavec l\u2019a\u00e9roport d\u2019Istanbul, une nouvelle \u00e8re a commenc\u00e9 dans l\u2019aviation mondiale\u00a0\u00bb, ajoutant que \u00ab\u00a0notre nouveau centre d\u2019op\u00e9rations nous offre une occasion importante d\u2019am\u00e9liorer encore les performances de notre r\u00e9seau de vol au niveau mondial\u00a0\u00bb.<\/p>\n<p>\u00ab\u00a0Nous travaillons donc sur de nouvelles strat\u00e9gies pour tirer parti de cette opportunit\u00e9. Marrakech occupera toujours une place particuli\u00e8re pour nous, car c\u2019est la premi\u00e8re destination que nous avons ajout\u00e9e depuis notre nouveau hub, l\u2019a\u00e9roport d\u2019Istanbul\u00a0\u00bb, a affirm\u00e9 M. Olmu\u015ftur, cit\u00e9 dans un communiqu\u00e9 du transporteur a\u00e9rien turc, se disant \u00ab\u00a0heureux de transporter nos passagers dans la ville ocre gr\u00e2ce \u00e0 notre exp\u00e9rience de voyage privil\u00e9gi\u00e9e\u00a0\u00bb.<\/p>\n<p>De son c\u00f4t\u00e9, le directeur du P\u00f4le Exploitation a\u00e9roportuaire \u00e0 l\u2019Office National des A\u00e9roports (ONDA), Hamid Mokadem, a indiqu\u00e9 que \u00ab\u00a0nous assistons aujourd\u2019hui \u00e0 un \u00e9v\u00e9nement important au niveau de l\u2019a\u00e9roport de Marrakech-Menara qui accueille le premier vol r\u00e9gulier de Turkish Airlines\u00a0\u00bb, sachant que la compagnie a\u00e9rienne turque op\u00e8re d\u00e9j\u00e0 sur l\u2019a\u00e9roport international Mohammed V de Casablanca.<\/p>\n<p>Dans une d\u00e9claration \u00e0 la MAP, M. Mokadem a aussi pr\u00e9cis\u00e9 que l\u2019ONDA, dans le cadre de ses missions, est \u00ab\u00a0engag\u00e9 \u00e0 accompagner l\u2019ensemble des compagnies qui d\u00e9sirent desservir soit l\u2019a\u00e9roport de Marrakech-Menara, soit les autres infrastructures a\u00e9roportuaires du Royaume et ce, en assurant la qualit\u00e9 des services \u00e0 m\u00eame d\u2019offrir une exp\u00e9rience m\u00e9morable aux passagers\u00a0\u00bb.<\/p>\n<p>Dans ce sens, il a rappel\u00e9 que l\u2019a\u00e9roport de Marrakech-Menara enregistre aujourd\u2019hui une augmentation de 20 \u00e0 25% du trafic a\u00e9rien, notant qu\u2019en 2018, l\u2019a\u00e9roport de la cit\u00e9 ocre a trait\u00e9 plus de 5,3 millions de passagers, soit plus de 25% du trafic passager au niveau national.<\/p>\n<p>Fond\u00e9e en 1933 avec une flotte de cinq avions seulement, \u00ab\u00a0Turkish Airlines\u00a0\u00bb, membre de \u00ab\u00a0Star Alliance\u00a0\u00bb, dispose actuellement d\u2019une flotte de 332 avions (passagers et fret).<\/p>\n<p>\u00ab\u00a0Star Alliance\u00a0\u00bb a \u00e9t\u00e9 cr\u00e9\u00e9 en 1997 en tant que premier v\u00e9ritable r\u00e9seau mondial de transporteurs a\u00e9riens, offrant aux voyageurs des destinations partout dans le monde et une exp\u00e9rience de voyage des plus agr\u00e9ables.<\/p>\n<p>Sa r\u00e9ussite sur le march\u00e9 a \u00e9t\u00e9 marqu\u00e9e par de nombreuses distinctions, notamment celle de meilleur r\u00e9seau mondial de transporteurs a\u00e9riens par le Business Traveller Magazine, et par l\u2019Organisation Skytrax.<\/p>\n<\/div>\n<p>Auteur: Mohammed KOURSI<br \/>\n<a href=\"http:\/\/www.mapmarrakech.ma\/fr\/inauguration-officielle-de-la-ligne-directe-istanbul-marrakech-de-la-turkish-airlines\/\">Cliquez ici pour lire l&rsquo;article depuis sa source.<\/a><\/p>\n","protected":false},"excerpt":{"rendered":"<p>Marrakech- Un avion de la compagnie a\u00e9rienne \u00ab\u00a0Turkish Airlines\u00a0\u00bb a atterri, lundi apr\u00e8s-midi, \u00e0 l\u2019a\u00e9roport international de Marrakech-Menara, marquant ainsi l\u2019inauguration de la nouvelle ligne a\u00e9rienne directe entre la ville d\u2019Istanbul et la cit\u00e9 ocre. A son arriv\u00e9e sur le tarmac de l\u2019a\u00e9roport de Marrakech-Menara, l\u2019avion de la compagnie a\u00e9rienne turque, un Boeing \u00ab\u00a0777-300 ER\u00a0\u00bb, [&hellip;]<\/p>\n","protected":false},"author":1788,"featured_media":0,"comment_status":"closed","ping_status":"closed","sticky":false,"template":"","format":"standard","meta":{"fifu_image_url":"","fifu_image_alt":"","footnotes":""},"categories":[54,76],"tags":[],"class_list":["post-28099","post","type-post","status-publish","format-standard","hentry","category-maroc","category-regions"],"_links":{"self":[{"href":"https:\/\/linitiative.ca\/International\/wp-json\/wp\/v2\/posts\/28099","targetHints":{"allow":["GET"]}}],"collection":[{"href":"https:\/\/linitiative.ca\/International\/wp-json\/wp\/v2\/posts"}],"about":[{"href":"https:\/\/linitiative.ca\/International\/wp-json\/wp\/v2\/types\/post"}],"author":[{"embeddable":true,"href":"https:\/\/linitiative.ca\/International\/wp-json\/wp\/v2\/users\/1788"}],"replies":[{"embeddable":true,"href":"https:\/\/linitiative.ca\/International\/wp-json\/wp\/v2\/comments?post=28099"}],"version-history":[{"count":0,"href":"https:\/\/linitiative.ca\/International\/wp-json\/wp\/v2\/posts\/28099\/revisions"}],"wp:attachment":[{"href":"https:\/\/linitiative.ca\/International\/wp-json\/wp\/v2\/media?parent=28099"}],"wp:term":[{"taxonomy":"category","embeddable":true,"href":"https:\/\/linitiative.ca\/International\/wp-json\/wp\/v2\/categories?post=28099"},{"taxonomy":"post_tag","embeddable":true,"href":"https:\/\/linitiative.ca\/International\/wp-json\/wp\/v2\/tags?post=28099"}],"curies":[{"name":"wp","href":"https:\/\/api.w.org\/{rel}","templated":true}]}}