{"id":28122,"date":"2019-04-16T14:24:49","date_gmt":"2019-04-16T18:24:49","guid":{"rendered":"https:\/\/linitiative.ca\/International\/tour-international-cycliste-du-maroc-2019\/"},"modified":"2019-04-16T14:24:49","modified_gmt":"2019-04-16T18:24:49","slug":"tour-international-cycliste-du-maroc-2019","status":"publish","type":"post","link":"https:\/\/linitiative.ca\/International\/tour-international-cycliste-du-maroc-2019\/","title":{"rendered":"Tour international cycliste du Maroc 2019"},"content":{"rendered":"<p><iframe loading=\"lazy\" width=\"1170\" height=\"658\" src=\"https:\/\/www.youtube.com\/embed\/c9axaadbE_U?feature=oembed\" frameborder=\"0\" allow=\"accelerometer; autoplay; encrypted-media; gyroscope; picture-in-picture\" allowfullscreen=\"\">[embedded content]<\/iframe><\/p>\n<div class=\"single-post-excerpt post-excerpt-bc\" readability=\"37\">\n<p>Le Fran\u00e7ais Theo Menant a remport\u00e9 la 5\u00e8me \u00e9tape du Tour international cycliste du Maroc 2019 liant Nador et Oujda sur une distance de 164,8Km, alors que le coureur El Mehdi Chokri a remport\u00e9 la 6\u00e8me \u00e9tape, liant Guercif \u00e0 F\u00e8s sur une distance de 181 km.<\/p>\n<\/div>\n<p>Auteur: Soufiane ELAHMAR<br \/>\n<a href=\"http:\/\/www.mapoujda.ma\/fr\/tour-international-cycliste-du-maroc-2019\/\">Cliquez ici pour lire l&rsquo;article depuis sa source.<\/a><\/p>\n","protected":false},"excerpt":{"rendered":"<p>[embedded content] Le Fran\u00e7ais Theo Menant a remport\u00e9 la 5\u00e8me \u00e9tape du Tour international cycliste du Maroc 2019 liant Nador et Oujda sur une distance de 164,8Km, alors que le coureur El Mehdi Chokri a remport\u00e9 la 6\u00e8me \u00e9tape, liant Guercif \u00e0 F\u00e8s sur une distance de 181 km. Auteur: Soufiane ELAHMAR Cliquez ici pour [&hellip;]<\/p>\n","protected":false},"author":1788,"featured_media":0,"comment_status":"closed","ping_status":"closed","sticky":false,"template":"","format":"standard","meta":{"fifu_image_url":"","fifu_image_alt":"","footnotes":""},"categories":[54,76],"tags":[],"class_list":["post-28122","post","type-post","status-publish","format-standard","hentry","category-maroc","category-regions"],"_links":{"self":[{"href":"https:\/\/linitiative.ca\/International\/wp-json\/wp\/v2\/posts\/28122","targetHints":{"allow":["GET"]}}],"collection":[{"href":"https:\/\/linitiative.ca\/International\/wp-json\/wp\/v2\/posts"}],"about":[{"href":"https:\/\/linitiative.ca\/International\/wp-json\/wp\/v2\/types\/post"}],"author":[{"embeddable":true,"href":"https:\/\/linitiative.ca\/International\/wp-json\/wp\/v2\/users\/1788"}],"replies":[{"embeddable":true,"href":"https:\/\/linitiative.ca\/International\/wp-json\/wp\/v2\/comments?post=28122"}],"version-history":[{"count":0,"href":"https:\/\/linitiative.ca\/International\/wp-json\/wp\/v2\/posts\/28122\/revisions"}],"wp:attachment":[{"href":"https:\/\/linitiative.ca\/International\/wp-json\/wp\/v2\/media?parent=28122"}],"wp:term":[{"taxonomy":"category","embeddable":true,"href":"https:\/\/linitiative.ca\/International\/wp-json\/wp\/v2\/categories?post=28122"},{"taxonomy":"post_tag","embeddable":true,"href":"https:\/\/linitiative.ca\/International\/wp-json\/wp\/v2\/tags?post=28122"}],"curies":[{"name":"wp","href":"https:\/\/api.w.org\/{rel}","templated":true}]}}