{"id":28149,"date":"2019-04-16T15:14:19","date_gmt":"2019-04-16T19:14:19","guid":{"rendered":"https:\/\/linitiative.ca\/International\/ligue-1-2-mca-derrardja-battons-tout-dabord-le-cabba-ensuite-on-parlera-du-titre\/"},"modified":"2019-04-16T15:14:19","modified_gmt":"2019-04-16T19:14:19","slug":"ligue-1-2-mca-derrardja-battons-tout-dabord-le-cabba-ensuite-on-parlera-du-titre","status":"publish","type":"post","link":"https:\/\/linitiative.ca\/International\/ligue-1-2-mca-derrardja-battons-tout-dabord-le-cabba-ensuite-on-parlera-du-titre\/","title":{"rendered":"Ligue 1 &amp; 2 : MCA &#8211; Derrardja : \u00abBattons tout d\u2019abord le CABBA, ensuite on parlera du titre\u00bb"},"content":{"rendered":"<div readability=\"32\">\n<p>Auteur : <span>Tarek-Che<\/span> <span class=\"time\">mardi 16 avril 2019 11:43<\/span><\/p>\n<\/div>\n<div id=\"post_core\" readability=\"65\">\n<p>Faisant sensation lors du match test face \u00e0 la r\u00e9serve, Walid Derrardja s\u2019est mis en ordre de bataille avant la r\u00e9ception du CABBA. Le num\u00e9ro 17 mouloud\u00e9en veut r\u00e9aliser un retour gagnant la semaine prochaine.<br \/><strong>De retour aux entra\u00eenements avec le groupe, vous avez pris part au match test face \u00e0 la r\u00e9serve avec succ\u00e8s apr\u00e8s une p\u00e9riode d\u2019absence pour cause de blessure.<\/strong><br \/>Dieu merci, j\u2019ai pu reprendre le travail avec le groupe \u00e0 un moment crucial car l\u2019\u00e9quipe a besoin de toutes ses forces vives. J\u2019ai pu jouer face \u00e0 la r\u00e9serve sans ressentir la moindre douleur. Cela d\u00e9montre que je serai pr\u00eat pour le match de samedi contre le CABBA.<br \/><strong>Vous avez cette envie de terminer la saison en force ?<\/strong><br \/>Contrairement \u00e0 la saison derni\u00e8re, j\u2019ai v\u00e9cu plusieurs bobos cette ann\u00e9e \u00e0 cause des blessures en cascade. A pr\u00e9sent, je veux oublier cette p\u00e9riode faste pour tenter de terminer le championnat en force. Je veux aider mon \u00e9quipe \u00e0 terminer la saison sur le podium.<br \/><strong>Comment voyez-vous ce match contre le CABBA la semaine prochaine ?<\/strong><br \/>Toutes les rencontres sont difficiles que ce soit \u00e0 domicile ou bien \u00e0 l\u2019ext\u00e9rieur. On va affronter un adversaire en qu\u00eate de points pour assurer son maintien. De notre c\u00f4t\u00e9, on veut s\u2019imposer pour rester dans la course au podium.<br \/><strong>Buteur lors du match test face \u00e0 la r\u00e9serve, est-ce que vous avez l\u2019envie de refaire le m\u00eame coup mais cette fois-ci en match officiel face au Bordj ?<\/strong><br \/>Ce qui compte avant tout, c\u2019est de gagner ce match. Maintenant, si j\u2019ai l\u2019opportunit\u00e9 de marquer, je ne vais pas me priver.<br \/><strong>En toute sinc\u00e9rit\u00e9, est-ce que vous pensez au titre surtout qu\u2019en cas de victoire vous revenez sur le leader du championnat ?<\/strong><br \/>Je ne vous cache pas que c\u2019est vrai, on pense au championnat car math\u00e9matiquement, tout reste possible surtout qu\u2019on a encore un match en retard. Mais, il ne suffit pas de le dire, il faut gagner les matches. Alors, il faut battre d\u00e9j\u00e0 le CABBA ensuite on pourra parler de titre.<br \/><strong>Comment est actuellement l\u2019ambiance au sein du groupe ?<\/strong><br \/>L\u2019ambiance est parfaite. Le staff technique fait un travail monstre pour pr\u00e9parer au mieux chaque match. Et puis, tout le monde est hyper motiv\u00e9 pour terminer sur le podium. C\u2019est la moindre des choses apr\u00e8s avoir \u00e9chou\u00e9 en Coupe arabe, la Ligue des champions et en Coupe d\u2019Alg\u00e9rie.<br \/><strong>En tant que cadre, comment avez-vous v\u00e9cu les changements op\u00e9r\u00e9s au niveau de la direction du club avec le retour de Ghrib ?<\/strong><br \/>Ghrib est un enfant de club. Alors je lui souhaite la bienvenue. Pour ce qui est du changement, nous les joueurs, on se concentre sur notre travail et sur les matchs. Ce qui est administratif concerne la direction. Et puis, on a des contrats qu\u2019on doit respecter \u00e0 la lettre.<br \/><strong>Etant un ancien de l\u2019\u00e9quipe, vous avez travaill\u00e9 avec Kaci-Sa\u00efd, Bachi et Ghrib. Comment d\u00e9finiriez-vous le travail de chacun ?<\/strong><br \/>Chaque dirigeant a sa propre m\u00e9thode de travail. Moi personnellement, je n\u2019ai vu que khir que ce soit de Kaci-Sa\u00efd, Bachi ou Ghrib. \u00a0<br \/><strong>Qu\u2019avez-vous \u00e0 dire aux supporters ?<\/strong><br \/>Je demande aux supporters de rester derri\u00e8re leur \u00e9quipe. Nous, on aura besoin de leur soutien pour terminer la saison en force et sur le podium. Personnellement, je pr\u00e9f\u00e8re de loin \u00e9voluer devant les gradins archi combles. Je n\u2019ai aucune crainte ou pression lorsque je joue dans un stade qui affiche complet. C\u2019est la pr\u00e9sence du public qui m\u2019inspire et pousse chacun de nous \u00e0 se surpasser.<\/p>\n<p><strong>Publi\u00e9 dans :<\/strong> <span>mca<\/span> <span>Kaci-Sa\u00efd<\/span> <span>CABBA<\/span> <span>Derrardja<\/span><\/p>\n<\/div>\n<p>Auteur:<br \/>\n<a href=\"http:\/\/www.lebuteur.com\/article\/detail?titre=mca-derrardja-battons-tout-dabord-le-cabba-ensuite-on-parlera-du-titre&#038;id=88027&#038;utm_source=feedburner&#038;utm_medium=feed&#038;utm_campaign=Feed%3A+GalerieFArtciles+%28Les+derniers+articles++-+lebuteur.com%29\">Cliquez ici pour lire l&rsquo;article depuis sa source.<\/a><\/p>\n","protected":false},"excerpt":{"rendered":"<p>Auteur : Tarek-Che mardi 16 avril 2019 11:43 Faisant sensation lors du match test face \u00e0 la r\u00e9serve, Walid Derrardja s\u2019est mis en ordre de bataille avant la r\u00e9ception du CABBA. Le num\u00e9ro 17 mouloud\u00e9en veut r\u00e9aliser un retour gagnant la semaine prochaine.De retour aux entra\u00eenements avec le groupe, vous avez pris part au match [&hellip;]<\/p>\n","protected":false},"author":1738,"featured_media":28150,"comment_status":"closed","ping_status":"closed","sticky":false,"template":"","format":"standard","meta":{"fifu_image_url":"","fifu_image_alt":"","footnotes":""},"categories":[53,75],"tags":[],"class_list":["post-28149","post","type-post","status-publish","format-standard","has-post-thumbnail","hentry","category-algerie","category-sport"],"_links":{"self":[{"href":"https:\/\/linitiative.ca\/International\/wp-json\/wp\/v2\/posts\/28149","targetHints":{"allow":["GET"]}}],"collection":[{"href":"https:\/\/linitiative.ca\/International\/wp-json\/wp\/v2\/posts"}],"about":[{"href":"https:\/\/linitiative.ca\/International\/wp-json\/wp\/v2\/types\/post"}],"author":[{"embeddable":true,"href":"https:\/\/linitiative.ca\/International\/wp-json\/wp\/v2\/users\/1738"}],"replies":[{"embeddable":true,"href":"https:\/\/linitiative.ca\/International\/wp-json\/wp\/v2\/comments?post=28149"}],"version-history":[{"count":0,"href":"https:\/\/linitiative.ca\/International\/wp-json\/wp\/v2\/posts\/28149\/revisions"}],"wp:featuredmedia":[{"embeddable":true,"href":"https:\/\/linitiative.ca\/International\/wp-json\/"}],"wp:attachment":[{"href":"https:\/\/linitiative.ca\/International\/wp-json\/wp\/v2\/media?parent=28149"}],"wp:term":[{"taxonomy":"category","embeddable":true,"href":"https:\/\/linitiative.ca\/International\/wp-json\/wp\/v2\/categories?post=28149"},{"taxonomy":"post_tag","embeddable":true,"href":"https:\/\/linitiative.ca\/International\/wp-json\/wp\/v2\/tags?post=28149"}],"curies":[{"name":"wp","href":"https:\/\/api.w.org\/{rel}","templated":true}]}}