{"id":28151,"date":"2019-04-16T15:14:20","date_gmt":"2019-04-16T19:14:20","guid":{"rendered":"https:\/\/linitiative.ca\/International\/ligue-1-2-jsk-dumas-sattaque-au-volet-tactique\/"},"modified":"2019-04-16T15:14:20","modified_gmt":"2019-04-16T19:14:20","slug":"ligue-1-2-jsk-dumas-sattaque-au-volet-tactique","status":"publish","type":"post","link":"https:\/\/linitiative.ca\/International\/ligue-1-2-jsk-dumas-sattaque-au-volet-tactique\/","title":{"rendered":"Ligue 1 &amp; 2 : JSK : Dumas s\u2019attaque au volet tactique"},"content":{"rendered":"<div readability=\"32\">\n<p>Auteur : <span>S. D.<\/span> <span class=\"time\">mardi 16 avril 2019 11:43<\/span><\/p>\n<\/div>\n<div id=\"post_core\" readability=\"74\">\n<p>Apr\u00e8s une journ\u00e9e de repos accord\u00e9e aux joueurs, les co\u00e9quipiers d\u2019Abdelkader Salhi ont repris hier matin le chemin de l\u2019entra\u00eenement en pr\u00e9vision de la 26e journ\u00e9e pr\u00e9vue le 20 avril prochain contre le MCO au stade du 1er-Novembre. Les Canaris, qui sont rest\u00e9s 18 jours sans comp\u00e9tition, ont comme tout le monde le sait mis en place un mini-stage de pr\u00e9paration \u00e0 Tigzirt qui a \u00e9t\u00e9 dirig\u00e9 par le trio Karouf-Raho-Rodolphe. Alors que les deux premiers dirigeaient les s\u00e9ances physiques, le Fran\u00e7ais avait la t\u00e2che de s\u2019occuper du volet technique. Le moins que l\u2019on puisse dire est qu\u2019il a vraiment augment\u00e9 la charge de travail, ce qui devrait permettre aux joueurs de terminer en force la comp\u00e9tition. De son c\u00f4t\u00e9, Franck Dumas, qui est rentr\u00e9 au pays jeudi dernier, s\u2019est content\u00e9 de diriger le match amical jou\u00e9 et gagn\u00e9 face \u00e0 l\u2019\u00e9quipe r\u00e9serve sur le score sans appel de quatre buts \u00e0 z\u00e9ro. Une performance qui a beaucoup rassur\u00e9 le technicien lequel envisage d\u2019apporter quelques changements au niveau de l\u2019effectif face aux Oranais. Pour lui, certains joueurs doivent \u00eatre rel\u00e9gu\u00e9s sur le banc afin d\u2019apporter du sang neuf et surprendre le MCO, qui se d\u00e9placera \u00e0 Tizi-Ouzou avec la ferme intention de se racheter suite \u00e0 la d\u00e9faite conc\u00e9d\u00e9e face au MCA. Et pour mettre en garde ses poulains, Dumas a bien profit\u00e9 de la s\u00e9ance d\u2019hier matin, pour mettre en place des exercices tactique. Il a voulu pousser ses \u00e9l\u00e9ments \u00e0 tout donner notamment sur le plan offensif o\u00f9 l\u2019\u00e9quipe sera appel\u00e9e \u00e0 bien r\u00e9agir apr\u00e8s les deux d\u00e9faites cons\u00e9cutives essuy\u00e9e contre l\u2019OM et le DRBT.<\/p>\n<p><strong>Physiquement, les joueurs sont au top<\/strong><br \/>Avant d\u2019aborder le volet technique, le coach s\u2019est d\u2019abord assur\u00e9 que les joueurs sont au top physiquement. Apr\u00e8s une discussion avec Rodolphe, ce dernier a tenu \u00e0 rassurer Dumas. Pour lui, tout le monde est pr\u00eat pour les cinq derniers matchs, qui s\u2019annoncent comme des finales pour la JSK laquelle fixe le titre comme objectif. Le pr\u00e9sident Mellal attend une bonne r\u00e9action de ses joueurs lesquels l\u2019ont \u00e9norm\u00e9ment d\u00e9\u00e7u derni\u00e8rement.<\/p>\n<p><strong>Groupe au complet, aucune absence n\u2019est tol\u00e9r\u00e9e<\/strong><br \/>En ce qui concerne le groupe et apr\u00e8s la r\u00e9union tenue par le pr\u00e9sident Mellal en pr\u00e9sence de tout le monde, aucun joueur n\u2019a pris le risque de faire l\u2019impasse sur la s\u00e9ance de reprise. Ce qui a permis au coach de travailler avec un groupe au complet et mettre en place un programme qu\u2019ils devraient suivre \u00e0 la lettre jusqu\u2019\u00e0 vendredi soir. \u00c0 rappeler qu\u2019aucune absence non justifi\u00e9e n\u2019est tol\u00e9r\u00e9e et celui qui manquera la moindre s\u00e9ance sera carr\u00e9ment traduit devant le conseil de discipline.<\/p>\n<p>L\u2019infirmerie est vide, le staff m\u00e9dical ch\u00f4me<br \/>Par rapport \u00e0 l\u2019effectif, nous avons appris que la s\u00e9ance d\u2019hier matin s\u2019est d\u00e9roul\u00e9e en pr\u00e9sence de tout le monde puisqu\u2019aucun joueur ne souffre de blessure. Autrement dit, l\u2019infirmerie est vide et le staff m\u00e9dical ch\u00f4me. Ce dernier axe son travail sur la r\u00e9cup\u00e9ration qui reste le seul moyen pour bien retrouver ses forces et pr\u00e9parer convenablement un match d\u00e9cisif.<\/p>\n<p><strong>Publi\u00e9 dans :<\/strong> <span>JSK<\/span> <span>Mellal<\/span> <span>Dumas<\/span><\/p>\n<\/div>\n<p>Auteur:<br \/>\n<a href=\"http:\/\/www.lebuteur.com\/article\/detail?titre=jsk-dumas-sattaque-au-volet-tactique&#038;id=88026&#038;utm_source=feedburner&#038;utm_medium=feed&#038;utm_campaign=Feed%3A+GalerieFArtciles+%28Les+derniers+articles++-+lebuteur.com%29\">Cliquez ici pour lire l&rsquo;article depuis sa source.<\/a><\/p>\n","protected":false},"excerpt":{"rendered":"<p>Auteur : S. D. mardi 16 avril 2019 11:43 Apr\u00e8s une journ\u00e9e de repos accord\u00e9e aux joueurs, les co\u00e9quipiers d\u2019Abdelkader Salhi ont repris hier matin le chemin de l\u2019entra\u00eenement en pr\u00e9vision de la 26e journ\u00e9e pr\u00e9vue le 20 avril prochain contre le MCO au stade du 1er-Novembre. Les Canaris, qui sont rest\u00e9s 18 jours sans [&hellip;]<\/p>\n","protected":false},"author":1738,"featured_media":28152,"comment_status":"closed","ping_status":"closed","sticky":false,"template":"","format":"standard","meta":{"fifu_image_url":"","fifu_image_alt":"","footnotes":""},"categories":[53,75],"tags":[],"class_list":["post-28151","post","type-post","status-publish","format-standard","has-post-thumbnail","hentry","category-algerie","category-sport"],"_links":{"self":[{"href":"https:\/\/linitiative.ca\/International\/wp-json\/wp\/v2\/posts\/28151","targetHints":{"allow":["GET"]}}],"collection":[{"href":"https:\/\/linitiative.ca\/International\/wp-json\/wp\/v2\/posts"}],"about":[{"href":"https:\/\/linitiative.ca\/International\/wp-json\/wp\/v2\/types\/post"}],"author":[{"embeddable":true,"href":"https:\/\/linitiative.ca\/International\/wp-json\/wp\/v2\/users\/1738"}],"replies":[{"embeddable":true,"href":"https:\/\/linitiative.ca\/International\/wp-json\/wp\/v2\/comments?post=28151"}],"version-history":[{"count":0,"href":"https:\/\/linitiative.ca\/International\/wp-json\/wp\/v2\/posts\/28151\/revisions"}],"wp:featuredmedia":[{"embeddable":true,"href":"https:\/\/linitiative.ca\/International\/wp-json\/"}],"wp:attachment":[{"href":"https:\/\/linitiative.ca\/International\/wp-json\/wp\/v2\/media?parent=28151"}],"wp:term":[{"taxonomy":"category","embeddable":true,"href":"https:\/\/linitiative.ca\/International\/wp-json\/wp\/v2\/categories?post=28151"},{"taxonomy":"post_tag","embeddable":true,"href":"https:\/\/linitiative.ca\/International\/wp-json\/wp\/v2\/tags?post=28151"}],"curies":[{"name":"wp","href":"https:\/\/api.w.org\/{rel}","templated":true}]}}