{"id":28157,"date":"2019-04-16T15:14:25","date_gmt":"2019-04-16T19:14:25","guid":{"rendered":"https:\/\/linitiative.ca\/International\/international-arsenal-les-gunners-prets-a-rapatrier-bennacer\/"},"modified":"2019-04-16T15:14:25","modified_gmt":"2019-04-16T19:14:25","slug":"international-arsenal-les-gunners-prets-a-rapatrier-bennacer","status":"publish","type":"post","link":"https:\/\/linitiative.ca\/International\/international-arsenal-les-gunners-prets-a-rapatrier-bennacer\/","title":{"rendered":"International : Arsenal : Les Gunners pr\u00eats \u00e0 rapatrier Bennacer"},"content":{"rendered":"<div readability=\"32\">\n<p>Auteur : <span class=\"time\">mardi 16 avril 2019 14:00<\/span><\/p>\n<\/div>\n<div id=\"post_core\" readability=\"53\">\n<p>Milieu de terrain form\u00e9 au club sudiste, l&rsquo;international alg\u00e9rien n\u2019aura pourtant jamais r\u00e9ussi \u00e0 se faire une place dans l\u2019effectif d\u2019Ars\u00e8ne Wenger, jouant essentiellement des rencontres avec les U23 ou U21. En 2017, apr\u00e8s un pr\u00eat \u00e0 Tours, le natif d\u2019Arles est vendu \u00e0 Empoli, club italien \u00e9voluant alors en S\u00e9rie B. Deux ans et une mont\u00e9e en S\u00e9rie A plus tard et l\u2019ancien Gunner est aujourd\u2019hui devenu l\u2019un des meilleurs milieux du championnat transalpin,\u00a0actuellement deuxi\u00e8me meilleur r\u00e9cup\u00e9rateur de S\u00e9rie A.\u00a0 Appel\u00e9 par l\u2019\u00e9quipe d\u2019Alg\u00e9rie pour les qualifications de la CAN, Bennacer r\u00e9alise des performances remarquables et se fait de plus en plus un nom en Europe.<\/p>\n<p>Cela tombe bien puisqu\u2019apr\u00e8s avoir perdu Aaron Ramsey, qui rejoindra la Juventus en juin prochain, Arsenal souhaiterait renforcer son entre-jeu en vue de la saison prochaine. Selon Les-Transferts, apr\u00e8s avoir r\u00e9ussi le tr\u00e8s joli coup Guendouzi l\u2019\u00e9t\u00e9 dernier, les Canonniers voudraient rapatrier leur ancien joueur de 21 ans. Une clause de rachat existerait dans le contrat du jeune alg\u00e9rien<\/p>\n<p><strong>Publi\u00e9 dans :<\/strong> <span>Arsenal<\/span> <span>BENNACER<\/span><\/p>\n<\/div>\n<p>Auteur:<br \/>\n<a href=\"http:\/\/www.lebuteur.com\/article\/detail?titre=arsenal-les-gunners-prets-a-rapatrier-bennacer&#038;id=88047&#038;utm_source=feedburner&#038;utm_medium=feed&#038;utm_campaign=Feed%3A+GalerieFArtciles+%28Les+derniers+articles++-+lebuteur.com%29\">Cliquez ici pour lire l&rsquo;article depuis sa source.<\/a><\/p>\n","protected":false},"excerpt":{"rendered":"<p>Auteur : mardi 16 avril 2019 14:00 Milieu de terrain form\u00e9 au club sudiste, l&rsquo;international alg\u00e9rien n\u2019aura pourtant jamais r\u00e9ussi \u00e0 se faire une place dans l\u2019effectif d\u2019Ars\u00e8ne Wenger, jouant essentiellement des rencontres avec les U23 ou U21. En 2017, apr\u00e8s un pr\u00eat \u00e0 Tours, le natif d\u2019Arles est vendu \u00e0 Empoli, club italien \u00e9voluant [&hellip;]<\/p>\n","protected":false},"author":1738,"featured_media":28158,"comment_status":"closed","ping_status":"closed","sticky":false,"template":"","format":"standard","meta":{"fifu_image_url":"","fifu_image_alt":"","footnotes":""},"categories":[53,75],"tags":[],"class_list":["post-28157","post","type-post","status-publish","format-standard","has-post-thumbnail","hentry","category-algerie","category-sport"],"_links":{"self":[{"href":"https:\/\/linitiative.ca\/International\/wp-json\/wp\/v2\/posts\/28157","targetHints":{"allow":["GET"]}}],"collection":[{"href":"https:\/\/linitiative.ca\/International\/wp-json\/wp\/v2\/posts"}],"about":[{"href":"https:\/\/linitiative.ca\/International\/wp-json\/wp\/v2\/types\/post"}],"author":[{"embeddable":true,"href":"https:\/\/linitiative.ca\/International\/wp-json\/wp\/v2\/users\/1738"}],"replies":[{"embeddable":true,"href":"https:\/\/linitiative.ca\/International\/wp-json\/wp\/v2\/comments?post=28157"}],"version-history":[{"count":0,"href":"https:\/\/linitiative.ca\/International\/wp-json\/wp\/v2\/posts\/28157\/revisions"}],"wp:featuredmedia":[{"embeddable":true,"href":"https:\/\/linitiative.ca\/International\/wp-json\/"}],"wp:attachment":[{"href":"https:\/\/linitiative.ca\/International\/wp-json\/wp\/v2\/media?parent=28157"}],"wp:term":[{"taxonomy":"category","embeddable":true,"href":"https:\/\/linitiative.ca\/International\/wp-json\/wp\/v2\/categories?post=28157"},{"taxonomy":"post_tag","embeddable":true,"href":"https:\/\/linitiative.ca\/International\/wp-json\/wp\/v2\/tags?post=28157"}],"curies":[{"name":"wp","href":"https:\/\/api.w.org\/{rel}","templated":true}]}}