{"id":28159,"date":"2019-04-16T15:14:26","date_gmt":"2019-04-16T19:14:26","guid":{"rendered":"https:\/\/linitiative.ca\/International\/international-barca-quand-sergi-roberto-aurait-pu-signer-au-real-madrid\/"},"modified":"2019-04-16T15:14:26","modified_gmt":"2019-04-16T19:14:26","slug":"international-barca-quand-sergi-roberto-aurait-pu-signer-au-real-madrid","status":"publish","type":"post","link":"https:\/\/linitiative.ca\/International\/international-barca-quand-sergi-roberto-aurait-pu-signer-au-real-madrid\/","title":{"rendered":"International : Bar\u00e7a : Quand Sergi Roberto aurait pu signer au Real Madrid&#8230;"},"content":{"rendered":"<div readability=\"32\">\n<p>Auteur : <span class=\"time\">mardi 16 avril 2019 14:15<\/span><\/p>\n<\/div>\n<div id=\"post_core\" readability=\"42\">\n<p>\u00ab\u00a0Je jouais au N\u00e0stic de Tarragone, quand j\u2019\u00e9tais gamin. Le Real Madrid est venu s\u2019int\u00e9resser \u00e0 moi. Au bout de quelques jours, le Bar\u00e7a est entr\u00e9 en contact avec le N\u00e0stic et mon p\u00e8re. Toute ma famille \u00e9tait pour le Bar\u00e7a, sauf mon p\u00e8re, qui \u00e9tait pour le Real Madrid. Mais maintenant il a chang\u00e9 et est 100% cul\u00e9\u00a0!\u00a0\u00bb, a explique l\u2019international espagnol. Source : Footmercato.<\/p>\n<p><strong>Publi\u00e9 dans :<\/strong> <span>bar\u00e7a<\/span> <span>real madrid<\/span> <span>Sergi Roberto<\/span><\/p>\n<\/div>\n<p>Auteur:<br \/>\n<a href=\"http:\/\/www.lebuteur.com\/article\/detail?titre=barca-quand-sergi-roberto-aurait-pu-signer-au-real-madrid&#038;id=88044&#038;utm_source=feedburner&#038;utm_medium=feed&#038;utm_campaign=Feed%3A+GalerieFArtciles+%28Les+derniers+articles++-+lebuteur.com%29\">Cliquez ici pour lire l&rsquo;article depuis sa source.<\/a><\/p>\n","protected":false},"excerpt":{"rendered":"<p>Auteur : mardi 16 avril 2019 14:15 \u00ab\u00a0Je jouais au N\u00e0stic de Tarragone, quand j\u2019\u00e9tais gamin. Le Real Madrid est venu s\u2019int\u00e9resser \u00e0 moi. Au bout de quelques jours, le Bar\u00e7a est entr\u00e9 en contact avec le N\u00e0stic et mon p\u00e8re. Toute ma famille \u00e9tait pour le Bar\u00e7a, sauf mon p\u00e8re, qui \u00e9tait pour le [&hellip;]<\/p>\n","protected":false},"author":1738,"featured_media":28160,"comment_status":"closed","ping_status":"closed","sticky":false,"template":"","format":"standard","meta":{"fifu_image_url":"","fifu_image_alt":"","footnotes":""},"categories":[53,75],"tags":[],"class_list":["post-28159","post","type-post","status-publish","format-standard","has-post-thumbnail","hentry","category-algerie","category-sport"],"_links":{"self":[{"href":"https:\/\/linitiative.ca\/International\/wp-json\/wp\/v2\/posts\/28159","targetHints":{"allow":["GET"]}}],"collection":[{"href":"https:\/\/linitiative.ca\/International\/wp-json\/wp\/v2\/posts"}],"about":[{"href":"https:\/\/linitiative.ca\/International\/wp-json\/wp\/v2\/types\/post"}],"author":[{"embeddable":true,"href":"https:\/\/linitiative.ca\/International\/wp-json\/wp\/v2\/users\/1738"}],"replies":[{"embeddable":true,"href":"https:\/\/linitiative.ca\/International\/wp-json\/wp\/v2\/comments?post=28159"}],"version-history":[{"count":0,"href":"https:\/\/linitiative.ca\/International\/wp-json\/wp\/v2\/posts\/28159\/revisions"}],"wp:featuredmedia":[{"embeddable":true,"href":"https:\/\/linitiative.ca\/International\/wp-json\/"}],"wp:attachment":[{"href":"https:\/\/linitiative.ca\/International\/wp-json\/wp\/v2\/media?parent=28159"}],"wp:term":[{"taxonomy":"category","embeddable":true,"href":"https:\/\/linitiative.ca\/International\/wp-json\/wp\/v2\/categories?post=28159"},{"taxonomy":"post_tag","embeddable":true,"href":"https:\/\/linitiative.ca\/International\/wp-json\/wp\/v2\/tags?post=28159"}],"curies":[{"name":"wp","href":"https:\/\/api.w.org\/{rel}","templated":true}]}}