{"id":28163,"date":"2019-04-15T19:00:00","date_gmt":"2019-04-15T23:00:00","guid":{"rendered":"https:\/\/linitiative.ca\/International\/m-hocine-gahem-specialiste-des-questions-internationales-a-propos-de-la-crise-libyenne-lalgerie-doit-rester-sur-ses-gardes\/"},"modified":"2019-04-15T19:00:00","modified_gmt":"2019-04-15T23:00:00","slug":"m-hocine-gahem-specialiste-des-questions-internationales-a-propos-de-la-crise-libyenne-lalgerie-doit-rester-sur-ses-gardes","status":"publish","type":"post","link":"https:\/\/linitiative.ca\/International\/m-hocine-gahem-specialiste-des-questions-internationales-a-propos-de-la-crise-libyenne-lalgerie-doit-rester-sur-ses-gardes\/","title":{"rendered":"M. Hocine Gahem, sp\u00e9cialiste des questions internationales,  \u00e0 propos de la crise libyenne   :  \u00ab L\u2019Alg\u00e9rie doit rester sur ses gardes \u00bb"},"content":{"rendered":"<p><strong>La situation s&rsquo;aggrave de jour en jour en Libye. L&rsquo;offensive militaire du mar\u00e9chal Khalifa Haftar, entam\u00e9e en fin de semaine derni\u00e8re, pour marcher sur Tripoli, ravive gravement la crise dans le pays, et suscite, par ailleurs, l&rsquo;inqui\u00e9tude de la communaut\u00e9 internationale. L\u2019universitaire Hocine Gahem livre, ici, une lecture fort probante sur ce qui se d\u00e9roule dans ce pays voisin, avec lequel nous partageons pr\u00e8s de mille kilom\u00e8tres de fronti\u00e8re.\u00a0<\/strong><\/p>\n<p><strong>M. Gahem vous \u00eates universitaire auteur de plusieurs ouvrages notamment sur les questions internationales. Pouvez-vous nous faire, par la m\u00eame occasion, une r\u00e9trospective des derniers \u00e9v\u00e9nements ?<\/strong><br \/>En fait, depuis 2011, force est de constater que la Libye a connu une d\u00e9stabilisation ainsi qu\u2019une intervention \u00e9trang\u00e8re qui ont engendr\u00e9 le chaos. Il faut souligner aussi que les r\u00e9seaux sociaux ont jou\u00e9 un r\u00f4le tr\u00e8s n\u00e9faste dans la suite des \u00e9v\u00e9nements. En effet, ces derniers, infiltr\u00e9s par des activistes de tous bords, issus d\u2019organisations occultes, ont pouss\u00e9 au pourrissement ainsi qu\u2019\u00e0 la destruction de l\u2019entit\u00e9 de ce grand pays africain. Ces activistes ont les a vus ensuite, se faire recevoir par les grandes chancelleries occidentales. Un travail sur les masses a \u00e9t\u00e9 effectu\u00e9 pour les orienter, via des slogans virulents qui ont gravement affect\u00e9 la stabilit\u00e9 de cette nation et provoqu\u00e9 la chute irr\u00e9versible de l\u2019ensemble des institutions et des structures \u00e9tatiques.<br \/>R\u00e9sultat des courses, la Libye est devenue un Etat en faillite ouvrant, ainsi, la porte au n\u00e9o-colonialisme et faisant voler en \u00e9clats les aspirations populaires. Ainsi, la chute de ce grand pays voisin a permis aux groupes terroristes de s\u2019implanter et de d\u00e9stabiliser l\u2019ensemble de la sous-r\u00e9gion.<br \/>A propos des derniers d\u00e9veloppements, pour r\u00e9pondre pleinement \u00e0 votre question, une conf\u00e9rence nationale devait se tenir pour une entente g\u00e9n\u00e9rale et donc rassembler les deux camps rivaux. Des camps qui ne sont autres que le gouvernement d\u2019union nationale soutenu par la communaut\u00e9 internationale et dirig\u00e9 par Faycal Al Sarraj et les forces du mar\u00e9chal Haftar. La d\u00e9cision surprise de ce dernier de lancer une telle op\u00e9ration qui consiste \u00e0 marcher sur Tripoli et \u00e0 s\u2019emparer du pouvoir, soul\u00e8ve de nombreuses interrogations.<\/p>\n<p><strong>Pourquoi une telle acc\u00e9l\u00e9ration des \u00e9v\u00e9nements ? Qui en sont les instigateurs ?<\/strong><br \/>Cette question est centrale dans la mesure o\u00f9 Haftar est soutenu par des puissances qui ont \u00e0 plusieurs degr\u00e9s particip\u00e9 \u00e0 la d\u00e9stabilisation de plusieurs pays dans la r\u00e9gion laissant ainsi beaucoup de zones d\u2019ombre quant \u00e0 l\u2019acc\u00e9l\u00e9ration intrigante des \u00e9v\u00e9nements.<br \/>La d\u00e9cision de marcher sur Tripoli a \u00e9t\u00e9 soumise \u00e0 une volont\u00e9 \u00e9trang\u00e8re ou est-ce une initiative proprement interne ? Le danger dans tout cela r\u00e9side dans le fait que si ce mar\u00e9chal r\u00e9pond \u00e0 un agenda externe,\u00a0 la situation doit \u00eatre abord\u00e9e avec gravit\u00e9.\u00a0\u00a0\u00a0\u00a0\u00a0\u00a0\u00a0<\/p>\n<p><strong>Quelles sont les ambitions du mar\u00e9chal Haftar ? Le timing n\u2019est-il pas suspect, selon vous ?<\/strong><br \/>En r\u00e9alit\u00e9, les ambitions du mar\u00e9chal Haftar demeurent inconnues. Ce dernier invoque la lutte contre les groupes terroristes mais il faut se demander pourquoi maintenant ? Les prochains jours nous apporterons concr\u00e8tement des \u00e9clairages. Vous savez le timing est effectivement suspect. On se demande m\u00eame si les derniers d\u00e9veloppements chez nous n\u2019ont pas \u00e9t\u00e9 des \u00e9l\u00e9ments qui ont favoris\u00e9 cette acc\u00e9l\u00e9ration ? D\u2019autant plus, qu\u2019il ne faut pas oublier que notre voisin de l\u2019ouest, le Maroc a proc\u00e9d\u00e9, il y a de cela quelques jours, \u00e0 des man\u0153uvres militaires avec des pays membres de l\u2019OTAN et ce non loin de notre fronti\u00e8re. Je pense que cela n\u2019arrive pas par accident. Aussi, la r\u00e9ponse de nos forces arm\u00e9es ne s\u2019est pas fait attendre. Le chef d\u2019\u00e9tat-major de l\u2019Arm\u00e9e Nationale Populaire (ANP) et vice-ministre de la D\u00e9fense nationale a effectu\u00e9 r\u00e9cemment une visite de quatre jours, dans l\u2019ouest du pays et plus pr\u00e9cis\u00e9ment dans la 2e R\u00e9gion militaire o\u00f9 il a supervis\u00e9 un exercice de combat pour lancer un message clair et net \u00e0 ceux qui veulent porter atteinte \u00e0 la s\u00e9curit\u00e9 et \u00e0 la stabilit\u00e9 de notre pays.<\/p>\n<p><strong>Quelles sont, selon vous,\u00a0 les cons\u00e9quences que ces derniers d\u00e9veloppements ont sur la s\u00e9curit\u00e9 r\u00e9gionale ?<\/strong><br \/>A mon humble avis, les cons\u00e9quences de ces derniers d\u00e9veloppements sont d\u2019abord tragiques pour la Libye. Il faut savoir que depuis le lancement de l\u2019offensive sur la capitale Tripoli, plus d\u2019une soixantaine de citoyens de se pays fr\u00e8re ont p\u00e9ri lors des combats. La Libye est plus que jamais affaiblie. Concernant la s\u00e9curit\u00e9 r\u00e9gionale, il convient de signaler que l\u2019ensemble de la r\u00e9gion sah\u00e9lo-saharienne risque de ressentir les violentes secousses qui agitent le pays d\u2019Omar Al-Mokhtar. N\u2019oublions pas que les probl\u00e8mes que le Mali a connus sont en partie dus \u00e0 l\u2019effondrement de l\u2019Etat libyen. Ainsi, l\u2019escalade de la violence est une conjoncture qui peut favoriser la r\u00e9surgence de cellules terroristes dans cette r\u00e9gion, \u00f4 combien convoit\u00e9e pour ses ressources naturelles tr\u00e8s importantes.<\/p>\n<p><strong>Et en ce qui concerne la s\u00e9curit\u00e9 de l\u2019Alg\u00e9rie ?<\/strong><br \/>Cette donne exige de notre pays de redoubler de vigilance. Il faut, \u00e0 cet effet, redoubler la surveillance des fronti\u00e8res car il est \u00e0 craindre que des groupes terroristes dirig\u00e9s par des forces inconnues seraient tent\u00e9s de s\u2019infiltrer sur notre territoire. Il ne faut pas oublier, ici, que notre pays est vis\u00e9 par un plan de d\u00e9stabilisation. A cet \u00e9gard, l\u2019attaque terroriste contre le complexe gazier de Tinguentourine est venue illustrer que des forces occultes saisissent la moindre occasion visant \u00e0 attenter \u00e0 notre souverainet\u00e9.\u00a0 A ce titre, le dernier communiqu\u00e9 de la Direction G\u00e9n\u00e9rale de la Suret\u00e9 Nationale (DGSN) qui fait \u00e9tat de l\u2019arrestation d\u2019\u00e9trangers incitant les jeunes \u00e0 la violence et \u00e0 recourir \u00e0 des formes d\u2019expressions radicales nous interpelle sur le fait que des puissances veulent profiter de la crise actuelle dans notre pays pour manipuler les manifestants et entra\u00eener le pays vers le pire. Je reste, cependant, convaincu que la maturit\u00e9 politique de notre peuple fera \u00e9chouer ces vaines tentatives.<\/p>\n<p><strong>Notre pays s\u2019est toujours attel\u00e9 \u00e0 favoriser un dialogue inclusif entre toutes les parties libyennes sous l\u2019\u00e9gide de l\u2019ONU loin de toutes ing\u00e9rences \u00e9trang\u00e8res et reste convaincu que seule une solution politique accept\u00e9e par l\u2019ensemble des protagonistes est \u00e0 m\u00eame de pr\u00e9server les int\u00e9r\u00eats supr\u00eames du peuple libyen.\u2008Un commentaire l\u00e0 dessus ?<\/strong><br \/>La position officielle de l\u2019Alg\u00e9rie est une d\u00e9marche sage, en profonde conformit\u00e9 avec le droit international et la Charte des Nations unies respectant les aspirations du peuple libyen.\u00a0 Il faut savoir que les conflits arm\u00e9s ont \u00e9t\u00e9 de tout temps \u00e9labor\u00e9s par des laboratoires visant \u00e0 permette, in fine, un retour de la colonisation par un autre moyen qui n\u2019est autre que la plantation de graines de la Fitna pour leurs int\u00e9r\u00eats.\u00a0 Aussi, il faut faire tr\u00e8s attention, rester vigilants, parce que, de par notre position centrale, plein de pays nous envient notre stabilit\u00e9 et les ressources dont nous disposons.<br \/><strong>Propos recueillis pa : Sami Ka\u00efdi<\/strong><br \/>\u00a0<\/p>\n<p>Auteur: elmoudjahid<br \/>\n<a href=\"http:\/\/www.elmoudjahid.com\/fr\/actualites\/135885\">Cliquez ici pour lire l&rsquo;article depuis sa source.<\/a><\/p>\n","protected":false},"excerpt":{"rendered":"<p>La situation s&rsquo;aggrave de jour en jour en Libye. L&rsquo;offensive militaire du mar\u00e9chal Khalifa Haftar, entam\u00e9e en fin de semaine derni\u00e8re, pour marcher sur Tripoli, ravive gravement la crise dans le pays, et suscite, par ailleurs, l&rsquo;inqui\u00e9tude de la communaut\u00e9 internationale. L\u2019universitaire Hocine Gahem livre, ici, une lecture fort probante sur ce qui se d\u00e9roule [&hellip;]<\/p>\n","protected":false},"author":1744,"featured_media":0,"comment_status":"closed","ping_status":"closed","sticky":false,"template":"","format":"standard","meta":{"fifu_image_url":"","fifu_image_alt":"","footnotes":""},"categories":[73,53],"tags":[],"class_list":["post-28163","post","type-post","status-publish","format-standard","hentry","category-actualite","category-algerie"],"_links":{"self":[{"href":"https:\/\/linitiative.ca\/International\/wp-json\/wp\/v2\/posts\/28163","targetHints":{"allow":["GET"]}}],"collection":[{"href":"https:\/\/linitiative.ca\/International\/wp-json\/wp\/v2\/posts"}],"about":[{"href":"https:\/\/linitiative.ca\/International\/wp-json\/wp\/v2\/types\/post"}],"author":[{"embeddable":true,"href":"https:\/\/linitiative.ca\/International\/wp-json\/wp\/v2\/users\/1744"}],"replies":[{"embeddable":true,"href":"https:\/\/linitiative.ca\/International\/wp-json\/wp\/v2\/comments?post=28163"}],"version-history":[{"count":0,"href":"https:\/\/linitiative.ca\/International\/wp-json\/wp\/v2\/posts\/28163\/revisions"}],"wp:attachment":[{"href":"https:\/\/linitiative.ca\/International\/wp-json\/wp\/v2\/media?parent=28163"}],"wp:term":[{"taxonomy":"category","embeddable":true,"href":"https:\/\/linitiative.ca\/International\/wp-json\/wp\/v2\/categories?post=28163"},{"taxonomy":"post_tag","embeddable":true,"href":"https:\/\/linitiative.ca\/International\/wp-json\/wp\/v2\/tags?post=28163"}],"curies":[{"name":"wp","href":"https:\/\/api.w.org\/{rel}","templated":true}]}}